{"id":6826,"date":"2012-07-11T12:07:26","date_gmt":"2012-07-11T15:07:26","guid":{"rendered":"http:\/\/www.pm.pb.gov.br\/portal\/2012\/07\/policiais_apreendem_armas_e_drogas_na_regiao_metropolitana\/"},"modified":"2012-07-11T12:07:26","modified_gmt":"2012-07-11T15:07:26","slug":"policiais_apreendem_armas_e_drogas_na_regiao_metropolitana","status":"publish","type":"post","link":"https:\/\/www.pm.pb.gov.br\/portal\/2012\/07\/11\/policiais_apreendem_armas_e_drogas_na_regiao_metropolitana\/","title":{"rendered":"Policiais apreendem armas e drogas na regi\u00e3o metropolitana"},"content":{"rendered":"<figure style=\"width: 500px\" class=\"wp-caption alignnone\"><img decoding=\"async\" class=\"alignnone size-medium\" src=\"http:\/\/www.pm.pb.gov.br\/portal\/wp-content\/uploads\/2012\/07\/6826_8132.jpg\" title=\"Armas e drogas apreendidas \" width=\"100%\" \/><figcaption class=\"wp-caption-text\">Armas e drogas apreendidas<\/figcaption><\/figure>\n<div style=\"text-align: justify;\">Na tarde de ontem dia (09), por volta das 17h11mim, policiais da 2\u00aa Cia do 1\u00ba Batalh\u00e3o de Pol\u00edcia Militar, em rondas ostensivas na Rua Francisco Marques da Fonseca, no<br \/>\nbairro da Imaculada, em Bayeux-PB, depararam-se com dois indiv\u00edduos em atitudes suspeitas e, ao realizar a abordagem, foi encontrado um rev\u00f3lver calibre 32, uma<br \/>\nespingarda soca-soca, muni\u00e7\u00f5es de 9mm, cal. 12 e cal. 22, aproximadamente 106 sementes de maconha, uma motoneta Shineray, celulares, e objetos outros. Alberto Chaves de Araujo, 18 anos, e J.P.C.S., 17 anos, s\u00e3o suspeitos de alguns assaltos na regi\u00e3o.<\/p>\n<p>A guarni\u00e7\u00e3o encaminhou os acusados para a 6\u00aa Delegacia Distrital para os procedimentos cab\u00edveis.<\/p>\n<p>R\u00e1dio Patrulhamento da 2\u00aa Cia do 1\u00ba BPM det\u00e9m grupo com drogas em Bayeux-PB<\/p>\n<p>J\u00e1 na noite do dia (09), por volta das 23h50mim, policiais da 2\u00aa Cia do 1\u00ba Batalh\u00e3o, no bairro da Imaculada, 05 jovens em atitudes suspeitas foram abordados e policiais militares desta Cia encontraram certa quantidade de uma subst\u00e2ncia parecida com maconha.<\/p>\n<p>Os acusados Thainan Pereira da Silva, 18 anos, Ellisson Maico Firmino de Souza, 23 anos, Mauricelia Vieira da Silva, 22 anos, Alan Fernandes da Silva, 23 anos e Wilson De Oliveira da Silva, 22 anos, foram conduzidos para 5\u00aa Delegacia Distrital para os procedimentos cab\u00edveis.<\/p>\n<p>Na noite da \u00faltima segunda-feira,dia (09), por volta de 18h10mim, policiais da 3\u00aa Cia do 1\u00ba Batalh\u00e3o<br \/>\nde Pol\u00edcia Militar receberam uma den\u00fancia que, na Rua Siqueira Campos, no centro da cidade de Bayeux, estava havendo tr\u00e1fico de droga e, durante uma opera\u00e7\u00e3o,<br \/>\ndeteve dois menores e uma mulher que estavam portando uma arma de fogo e certa quantidade de droga. Com os acusados Patr\u00edcia dos Santos Carvalho, 32 anos, E.C.C., 17 anos e J.C.S., 16 anos, foi encontrado 53 (cinq\u00fcenta e tr\u00eas) pedras de crack, 57 (cinq\u00fcenta e sete) reais, um rev\u00f3lver cal. 38 com capacidade para seis muni\u00e7\u00f5es, 550 gramas de maconha e 40 gramas de crack.<\/p>\n<p>Todo o material apreendido e os acusados foram encaminhados para 7\u00aa Delegacia Distrital para os procedimentos cab\u00edveis.<\/p>\n<div class=\"row\" align=\"center\"><\/div>\n<\/div>\n","protected":false},"excerpt":{"rendered":"<p>Na tarde de ontem dia (09), por volta das 17h11mim, policiais da 2\u00aa Cia do 1\u00ba Batalh\u00e3o de Pol\u00edcia Militar,<\/p>\n","protected":false},"author":5,"featured_media":8132,"comment_status":"closed","ping_status":"closed","sticky":false,"template":"","format":"standard","meta":{"_exactmetrics_skip_tracking":false,"_exactmetrics_sitenote_active":false,"_exactmetrics_sitenote_note":"","_exactmetrics_sitenote_category":0,"footnotes":""},"categories":[4],"tags":[],"yoast_head":"<!-- This site is optimized with the Yoast SEO plugin v22.0 - https:\/\/yoast.com\/wordpress\/plugins\/seo\/ -->\n<title>Policiais apreendem armas e drogas na regi\u00e3o metropolitana - Pol\u00edcia Militar da Para\u00edba<\/title>\n<meta name=\"robots\" content=\"index, follow, max-snippet:-1, max-image-preview:large, max-video-preview:-1\" \/>\n<link rel=\"canonical\" href=\"https:\/\/www.pm.pb.gov.br\/portal\/2012\/07\/11\/policiais_apreendem_armas_e_drogas_na_regiao_metropolitana\/\" \/>\n<meta property=\"og:locale\" content=\"pt_BR\" \/>\n<meta property=\"og:type\" content=\"article\" \/>\n<meta property=\"og:title\" content=\"Policiais apreendem armas e drogas na regi\u00e3o metropolitana - Pol\u00edcia Militar da Para\u00edba\" \/>\n<meta property=\"og:description\" content=\"Na tarde de ontem dia (09), por volta das 17h11mim, policiais da 2\u00aa Cia do 1\u00ba Batalh\u00e3o de Pol\u00edcia Militar,\" \/>\n<meta property=\"og:url\" content=\"https:\/\/www.pm.pb.gov.br\/portal\/2012\/07\/11\/policiais_apreendem_armas_e_drogas_na_regiao_metropolitana\/\" \/>\n<meta property=\"og:site_name\" content=\"Pol\u00edcia Militar da Para\u00edba\" \/>\n<meta property=\"article:published_time\" content=\"2012-07-11T15:07:26+00:00\" \/>\n<meta property=\"og:image\" content=\"https:\/\/www.pm.pb.gov.br\/portal\/wp-content\/uploads\/2012\/07\/6826_8132.jpg\" \/>\n\t<meta property=\"og:image:width\" content=\"500\" \/>\n\t<meta property=\"og:image:height\" content=\"375\" \/>\n\t<meta property=\"og:image:type\" content=\"image\/jpeg\" \/>\n<meta name=\"author\" content=\"Assessoria de Imprensa da PMPB\" \/>\n<meta name=\"twitter:card\" content=\"summary_large_image\" \/>\n<meta name=\"twitter:label1\" content=\"Escrito por\" \/>\n\t<meta name=\"twitter:data1\" content=\"Assessoria de Imprensa da PMPB\" \/>\n\t<meta name=\"twitter:label2\" content=\"Est. tempo de leitura\" \/>\n\t<meta name=\"twitter:data2\" content=\"2 minutos\" \/>\n<script type=\"application\/ld+json\" class=\"yoast-schema-graph\">{\"@context\":\"https:\/\/schema.org\",\"@graph\":[{\"@type\":\"Article\",\"@id\":\"https:\/\/www.pm.pb.gov.br\/portal\/2012\/07\/11\/policiais_apreendem_armas_e_drogas_na_regiao_metropolitana\/#article\",\"isPartOf\":{\"@id\":\"https:\/\/www.pm.pb.gov.br\/portal\/2012\/07\/11\/policiais_apreendem_armas_e_drogas_na_regiao_metropolitana\/\"},\"author\":{\"name\":\"Assessoria de Imprensa da PMPB\",\"@id\":\"https:\/\/www.pm.pb.gov.br\/portal\/#\/schema\/person\/e8454f46651c3ecf0e1ba3c1666d9947\"},\"headline\":\"Policiais apreendem armas e drogas na regi\u00e3o metropolitana\",\"datePublished\":\"2012-07-11T15:07:26+00:00\",\"dateModified\":\"2012-07-11T15:07:26+00:00\",\"mainEntityOfPage\":{\"@id\":\"https:\/\/www.pm.pb.gov.br\/portal\/2012\/07\/11\/policiais_apreendem_armas_e_drogas_na_regiao_metropolitana\/\"},\"wordCount\":356,\"publisher\":{\"@id\":\"https:\/\/www.pm.pb.gov.br\/portal\/#organization\"},\"articleSection\":[\"A\u00e7\u00f5es Policiais\"],\"inLanguage\":\"pt-BR\"},{\"@type\":\"WebPage\",\"@id\":\"https:\/\/www.pm.pb.gov.br\/portal\/2012\/07\/11\/policiais_apreendem_armas_e_drogas_na_regiao_metropolitana\/\",\"url\":\"https:\/\/www.pm.pb.gov.br\/portal\/2012\/07\/11\/policiais_apreendem_armas_e_drogas_na_regiao_metropolitana\/\",\"name\":\"Policiais apreendem armas e drogas na regi\u00e3o metropolitana - Pol\u00edcia Militar da Para\u00edba\",\"isPartOf\":{\"@id\":\"https:\/\/www.pm.pb.gov.br\/portal\/#website\"},\"datePublished\":\"2012-07-11T15:07:26+00:00\",\"dateModified\":\"2012-07-11T15:07:26+00:00\",\"breadcrumb\":{\"@id\":\"https:\/\/www.pm.pb.gov.br\/portal\/2012\/07\/11\/policiais_apreendem_armas_e_drogas_na_regiao_metropolitana\/#breadcrumb\"},\"inLanguage\":\"pt-BR\",\"potentialAction\":[{\"@type\":\"ReadAction\",\"target\":[\"https:\/\/www.pm.pb.gov.br\/portal\/2012\/07\/11\/policiais_apreendem_armas_e_drogas_na_regiao_metropolitana\/\"]}]},{\"@type\":\"BreadcrumbList\",\"@id\":\"https:\/\/www.pm.pb.gov.br\/portal\/2012\/07\/11\/policiais_apreendem_armas_e_drogas_na_regiao_metropolitana\/#breadcrumb\",\"itemListElement\":[{\"@type\":\"ListItem\",\"position\":1,\"name\":\"In\u00edcio\",\"item\":\"https:\/\/www.pm.pb.gov.br\/portal\/\"},{\"@type\":\"ListItem\",\"position\":2,\"name\":\"Policiais apreendem armas e drogas na regi\u00e3o metropolitana\"}]},{\"@type\":\"WebSite\",\"@id\":\"https:\/\/www.pm.pb.gov.br\/portal\/#website\",\"url\":\"https:\/\/www.pm.pb.gov.br\/portal\/\",\"name\":\"Pol\u00edcia Militar da Para\u00edba\",\"description\":\"\",\"publisher\":{\"@id\":\"https:\/\/www.pm.pb.gov.br\/portal\/#organization\"},\"potentialAction\":[{\"@type\":\"SearchAction\",\"target\":{\"@type\":\"EntryPoint\",\"urlTemplate\":\"https:\/\/www.pm.pb.gov.br\/portal\/?s={search_term_string}\"},\"query-input\":\"required name=search_term_string\"}],\"inLanguage\":\"pt-BR\"},{\"@type\":\"Organization\",\"@id\":\"https:\/\/www.pm.pb.gov.br\/portal\/#organization\",\"name\":\"Pol\u00edcia Militar da Para\u00edba\",\"url\":\"https:\/\/www.pm.pb.gov.br\/portal\/\",\"logo\":{\"@type\":\"ImageObject\",\"inLanguage\":\"pt-BR\",\"@id\":\"https:\/\/www.pm.pb.gov.br\/portal\/#\/schema\/logo\/image\/\",\"url\":\"https:\/\/www.pm.pb.gov.br\/portal\/wp-content\/uploads\/2025\/03\/cropped-logo-site-mag2-1.png\",\"contentUrl\":\"https:\/\/www.pm.pb.gov.br\/portal\/wp-content\/uploads\/2025\/03\/cropped-logo-site-mag2-1.png\",\"width\":320,\"height\":90,\"caption\":\"Pol\u00edcia Militar da Para\u00edba\"},\"image\":{\"@id\":\"https:\/\/www.pm.pb.gov.br\/portal\/#\/schema\/logo\/image\/\"}},{\"@type\":\"Person\",\"@id\":\"https:\/\/www.pm.pb.gov.br\/portal\/#\/schema\/person\/e8454f46651c3ecf0e1ba3c1666d9947\",\"name\":\"Assessoria de Imprensa da PMPB\",\"image\":{\"@type\":\"ImageObject\",\"inLanguage\":\"pt-BR\",\"@id\":\"https:\/\/www.pm.pb.gov.br\/portal\/#\/schema\/person\/image\/\",\"url\":\"https:\/\/secure.gravatar.com\/avatar\/2efe197438265d1e90bd98c4c8e1acf8?s=96&d=mm&r=g\",\"contentUrl\":\"https:\/\/secure.gravatar.com\/avatar\/2efe197438265d1e90bd98c4c8e1acf8?s=96&d=mm&r=g\",\"caption\":\"Assessoria de Imprensa da PMPB\"},\"url\":\"https:\/\/www.pm.pb.gov.br\/portal\/author\/assessoria\/\"}]}<\/script>\n<!-- \/ Yoast SEO plugin. -->","yoast_head_json":{"title":"Policiais apreendem armas e drogas na regi\u00e3o metropolitana - Pol\u00edcia Militar da Para\u00edba","robots":{"index":"index","follow":"follow","max-snippet":"max-snippet:-1","max-image-preview":"max-image-preview:large","max-video-preview":"max-video-preview:-1"},"canonical":"https:\/\/www.pm.pb.gov.br\/portal\/2012\/07\/11\/policiais_apreendem_armas_e_drogas_na_regiao_metropolitana\/","og_locale":"pt_BR","og_type":"article","og_title":"Policiais apreendem armas e drogas na regi\u00e3o metropolitana - Pol\u00edcia Militar da Para\u00edba","og_description":"Na tarde de ontem dia (09), por volta das 17h11mim, policiais da 2\u00aa Cia do 1\u00ba Batalh\u00e3o de Pol\u00edcia Militar,","og_url":"https:\/\/www.pm.pb.gov.br\/portal\/2012\/07\/11\/policiais_apreendem_armas_e_drogas_na_regiao_metropolitana\/","og_site_name":"Pol\u00edcia Militar da Para\u00edba","article_published_time":"2012-07-11T15:07:26+00:00","og_image":[{"width":500,"height":375,"url":"https:\/\/www.pm.pb.gov.br\/portal\/wp-content\/uploads\/2012\/07\/6826_8132.jpg","type":"image\/jpeg"}],"author":"Assessoria de Imprensa da PMPB","twitter_card":"summary_large_image","twitter_misc":{"Escrito por":"Assessoria de Imprensa da PMPB","Est. tempo de leitura":"2 minutos"},"schema":{"@context":"https:\/\/schema.org","@graph":[{"@type":"Article","@id":"https:\/\/www.pm.pb.gov.br\/portal\/2012\/07\/11\/policiais_apreendem_armas_e_drogas_na_regiao_metropolitana\/#article","isPartOf":{"@id":"https:\/\/www.pm.pb.gov.br\/portal\/2012\/07\/11\/policiais_apreendem_armas_e_drogas_na_regiao_metropolitana\/"},"author":{"name":"Assessoria de Imprensa da PMPB","@id":"https:\/\/www.pm.pb.gov.br\/portal\/#\/schema\/person\/e8454f46651c3ecf0e1ba3c1666d9947"},"headline":"Policiais apreendem armas e drogas na regi\u00e3o metropolitana","datePublished":"2012-07-11T15:07:26+00:00","dateModified":"2012-07-11T15:07:26+00:00","mainEntityOfPage":{"@id":"https:\/\/www.pm.pb.gov.br\/portal\/2012\/07\/11\/policiais_apreendem_armas_e_drogas_na_regiao_metropolitana\/"},"wordCount":356,"publisher":{"@id":"https:\/\/www.pm.pb.gov.br\/portal\/#organization"},"articleSection":["A\u00e7\u00f5es Policiais"],"inLanguage":"pt-BR"},{"@type":"WebPage","@id":"https:\/\/www.pm.pb.gov.br\/portal\/2012\/07\/11\/policiais_apreendem_armas_e_drogas_na_regiao_metropolitana\/","url":"https:\/\/www.pm.pb.gov.br\/portal\/2012\/07\/11\/policiais_apreendem_armas_e_drogas_na_regiao_metropolitana\/","name":"Policiais apreendem armas e drogas na regi\u00e3o metropolitana - Pol\u00edcia Militar da Para\u00edba","isPartOf":{"@id":"https:\/\/www.pm.pb.gov.br\/portal\/#website"},"datePublished":"2012-07-11T15:07:26+00:00","dateModified":"2012-07-11T15:07:26+00:00","breadcrumb":{"@id":"https:\/\/www.pm.pb.gov.br\/portal\/2012\/07\/11\/policiais_apreendem_armas_e_drogas_na_regiao_metropolitana\/#breadcrumb"},"inLanguage":"pt-BR","potentialAction":[{"@type":"ReadAction","target":["https:\/\/www.pm.pb.gov.br\/portal\/2012\/07\/11\/policiais_apreendem_armas_e_drogas_na_regiao_metropolitana\/"]}]},{"@type":"BreadcrumbList","@id":"https:\/\/www.pm.pb.gov.br\/portal\/2012\/07\/11\/policiais_apreendem_armas_e_drogas_na_regiao_metropolitana\/#breadcrumb","itemListElement":[{"@type":"ListItem","position":1,"name":"In\u00edcio","item":"https:\/\/www.pm.pb.gov.br\/portal\/"},{"@type":"ListItem","position":2,"name":"Policiais apreendem armas e drogas na regi\u00e3o metropolitana"}]},{"@type":"WebSite","@id":"https:\/\/www.pm.pb.gov.br\/portal\/#website","url":"https:\/\/www.pm.pb.gov.br\/portal\/","name":"Pol\u00edcia Militar da Para\u00edba","description":"","publisher":{"@id":"https:\/\/www.pm.pb.gov.br\/portal\/#organization"},"potentialAction":[{"@type":"SearchAction","target":{"@type":"EntryPoint","urlTemplate":"https:\/\/www.pm.pb.gov.br\/portal\/?s={search_term_string}"},"query-input":"required name=search_term_string"}],"inLanguage":"pt-BR"},{"@type":"Organization","@id":"https:\/\/www.pm.pb.gov.br\/portal\/#organization","name":"Pol\u00edcia Militar da Para\u00edba","url":"https:\/\/www.pm.pb.gov.br\/portal\/","logo":{"@type":"ImageObject","inLanguage":"pt-BR","@id":"https:\/\/www.pm.pb.gov.br\/portal\/#\/schema\/logo\/image\/","url":"https:\/\/www.pm.pb.gov.br\/portal\/wp-content\/uploads\/2025\/03\/cropped-logo-site-mag2-1.png","contentUrl":"https:\/\/www.pm.pb.gov.br\/portal\/wp-content\/uploads\/2025\/03\/cropped-logo-site-mag2-1.png","width":320,"height":90,"caption":"Pol\u00edcia Militar da Para\u00edba"},"image":{"@id":"https:\/\/www.pm.pb.gov.br\/portal\/#\/schema\/logo\/image\/"}},{"@type":"Person","@id":"https:\/\/www.pm.pb.gov.br\/portal\/#\/schema\/person\/e8454f46651c3ecf0e1ba3c1666d9947","name":"Assessoria de Imprensa da PMPB","image":{"@type":"ImageObject","inLanguage":"pt-BR","@id":"https:\/\/www.pm.pb.gov.br\/portal\/#\/schema\/person\/image\/","url":"https:\/\/secure.gravatar.com\/avatar\/2efe197438265d1e90bd98c4c8e1acf8?s=96&d=mm&r=g","contentUrl":"https:\/\/secure.gravatar.com\/avatar\/2efe197438265d1e90bd98c4c8e1acf8?s=96&d=mm&r=g","caption":"Assessoria de Imprensa da PMPB"},"url":"https:\/\/www.pm.pb.gov.br\/portal\/author\/assessoria\/"}]}},"_links":{"self":[{"href":"https:\/\/www.pm.pb.gov.br\/portal\/wp-json\/wp\/v2\/posts\/6826"}],"collection":[{"href":"https:\/\/www.pm.pb.gov.br\/portal\/wp-json\/wp\/v2\/posts"}],"about":[{"href":"https:\/\/www.pm.pb.gov.br\/portal\/wp-json\/wp\/v2\/types\/post"}],"author":[{"embeddable":true,"href":"https:\/\/www.pm.pb.gov.br\/portal\/wp-json\/wp\/v2\/users\/5"}],"replies":[{"embeddable":true,"href":"https:\/\/www.pm.pb.gov.br\/portal\/wp-json\/wp\/v2\/comments?post=6826"}],"version-history":[{"count":0,"href":"https:\/\/www.pm.pb.gov.br\/portal\/wp-json\/wp\/v2\/posts\/6826\/revisions"}],"wp:featuredmedia":[{"embeddable":true,"href":"https:\/\/www.pm.pb.gov.br\/portal\/wp-json\/wp\/v2\/media\/8132"}],"wp:attachment":[{"href":"https:\/\/www.pm.pb.gov.br\/portal\/wp-json\/wp\/v2\/media?parent=6826"}],"wp:term":[{"taxonomy":"category","embeddable":true,"href":"https:\/\/www.pm.pb.gov.br\/portal\/wp-json\/wp\/v2\/categories?post=6826"},{"taxonomy":"post_tag","embeddable":true,"href":"https:\/\/www.pm.pb.gov.br\/portal\/wp-json\/wp\/v2\/tags?post=6826"}],"curies":[{"name":"wp","href":"https:\/\/api.w.org\/{rel}","templated":true}]}}