{"id":6416,"date":"2012-04-11T10:04:57","date_gmt":"2012-04-11T13:04:57","guid":{"rendered":"http:\/\/www.pm.pb.gov.br\/portal\/2012\/04\/3_batalhao_realiza_formatura_de_chs_e_chc\/"},"modified":"2012-04-11T10:04:57","modified_gmt":"2012-04-11T13:04:57","slug":"3_batalhao_realiza_formatura_de_chs_e_chc","status":"publish","type":"post","link":"https:\/\/www.pm.pb.gov.br\/portal\/2012\/04\/11\/3_batalhao_realiza_formatura_de_chs_e_chc\/","title":{"rendered":"3\u00ba Batalh\u00e3o realiza formatura de CHS e CHC"},"content":{"rendered":"<figure style=\"width: 500px\" class=\"wp-caption alignnone\"><img decoding=\"async\" class=\"alignnone size-medium\" src=\"http:\/\/www.pm.pb.gov.br\/portal\/wp-content\/uploads\/2012\/04\/6416_7702.jpg\" title=\"Formatura Geral\" width=\"100%\" \/><figcaption class=\"wp-caption-text\">Formatura Geral<\/figcaption><\/figure>\n<div style=\"text-align: justify;\">\n<p>Foi realizada na manh\u00e3 dessa ter\u00e7a-feira, 10, na Sede do 3\u00ba Batalh\u00e3o de Pol\u00edcia Militar da Para\u00edba, sediado na cidade de Patos, uma solenidade de Formatura alusiva a promo\u00e7\u00e3o dos militares que conclu\u00edram com \u00eaxito o Curso de Habilita\u00e7\u00e3o de Cabos e o Curso de Habilita\u00e7\u00e3o de Sargentos 2011\/2.<\/p>\n<p>O curso teve in\u00edcio aos 05 de dezembro de 2011 e encerrou em 28 de fevereiro de 2012, durante o curso foram ministradas 16 (dezesseis) disciplinas, totalizando 288 (duzentas e oitenta e oito) horas-aula.<\/p>\n<p>Participaram da solenidade o Comandante do CPR II Coronel Almeida, o Comandante do 3\u00baBPM TEN CEL Cunha Rolim, TEN CEL Dedeu (Sub cmt do CPRII), Major S. Filho (Sub cmt do 3\u00ba BPM), Major Campos (Cmt do 12\u00ba BPM \u0096 Catol\u00e9 do Rocha), Major Jurandy (Cmt do 13\u00ba BPM \u0096 Itaporanga), Cap Elder (Sub cmt do 12\u00ba BPM), 1\u00ba Tenente Rafael (Cmt da 1\u00aa Cia) e a 1\u00ba Tenente Jackeliny.<\/p>\n<p>A Solenidade contou com a presen\u00e7a da Banda de M\u00fasica do 3\u00ba BPM, comandada pelo maestro e Sub- Tenente Queiroz e o Corneteiro Sargento Galdino. A tropa foi Comandada pelo Capit\u00e3o Jackson e apresentada ao Comandante do Policiamento Regional II, CEL Jos\u00e9 de Almeida Rosas, a frente do Pelot\u00e3o de militares promovidos estava o 2\u00ba tenente Guedes e a frente do 2\u00ba pelot\u00e3o estava o 2\u00ba tenente Fernando, comandando a Escola de Alunos CFSD.<\/p>\n<p>Cerca de 25 (vinte e cinco) cabos foram promovidos a 3\u00ba Sargento, sendo os tr\u00eas primeiros colocados :<br \/>\nCB JOS\u00c9 MOURA DE LACERDA (1\u00ba LUGAR)<br \/>\nCB RONALDO GOMES DE ANDRADE (2\u00ba LUGAR)<br \/>\nCB JOS\u00c9 DAMI\u00c3O GOMES NEVES (3\u00baLUGAR)<\/p>\n<p>E um soldado foi promovido a Cabo, sendo este SD ROMILDO FRANCISCO DE ARAUJO. Todos os militares que na data de hoje foram promovidos, prestar\u00e3o servi\u00e7o a popula\u00e7\u00e3o da cidade de Patos.<\/p>\n<div class=\"row\" align=\"center\"><\/div>\n<\/div>\n","protected":false},"excerpt":{"rendered":"<p>Foi realizada na manh\u00e3 dessa ter\u00e7a-feira, 10, na Sede do 3\u00ba Batalh\u00e3o de Pol\u00edcia Militar da Para\u00edba, sediado na cidade<\/p>\n","protected":false},"author":5,"featured_media":7702,"comment_status":"closed","ping_status":"closed","sticky":false,"template":"","format":"standard","meta":{"_exactmetrics_skip_tracking":false,"_exactmetrics_sitenote_active":false,"_exactmetrics_sitenote_note":"","_exactmetrics_sitenote_category":0,"footnotes":""},"categories":[4],"tags":[],"yoast_head":"<!-- This site is optimized with the Yoast SEO plugin v22.0 - https:\/\/yoast.com\/wordpress\/plugins\/seo\/ -->\n<title>3\u00ba Batalh\u00e3o realiza formatura de CHS e CHC - Pol\u00edcia Militar da Para\u00edba<\/title>\n<meta name=\"robots\" content=\"index, follow, max-snippet:-1, max-image-preview:large, max-video-preview:-1\" \/>\n<link rel=\"canonical\" href=\"https:\/\/www.pm.pb.gov.br\/portal\/2012\/04\/11\/3_batalhao_realiza_formatura_de_chs_e_chc\/\" \/>\n<meta property=\"og:locale\" content=\"pt_BR\" \/>\n<meta property=\"og:type\" content=\"article\" \/>\n<meta property=\"og:title\" content=\"3\u00ba Batalh\u00e3o realiza formatura de CHS e CHC - Pol\u00edcia Militar da Para\u00edba\" \/>\n<meta property=\"og:description\" content=\"Foi realizada na manh\u00e3 dessa ter\u00e7a-feira, 10, na Sede do 3\u00ba Batalh\u00e3o de Pol\u00edcia Militar da Para\u00edba, sediado na cidade\" \/>\n<meta property=\"og:url\" content=\"https:\/\/www.pm.pb.gov.br\/portal\/2012\/04\/11\/3_batalhao_realiza_formatura_de_chs_e_chc\/\" \/>\n<meta property=\"og:site_name\" content=\"Pol\u00edcia Militar da Para\u00edba\" \/>\n<meta property=\"article:published_time\" content=\"2012-04-11T13:04:57+00:00\" \/>\n<meta property=\"og:image\" content=\"https:\/\/www.pm.pb.gov.br\/portal\/wp-content\/uploads\/2012\/04\/6416_7702.jpg\" \/>\n\t<meta property=\"og:image:width\" content=\"500\" \/>\n\t<meta property=\"og:image:height\" content=\"375\" \/>\n\t<meta property=\"og:image:type\" content=\"image\/jpeg\" \/>\n<meta name=\"author\" content=\"Assessoria de Imprensa da PMPB\" \/>\n<meta name=\"twitter:card\" content=\"summary_large_image\" \/>\n<meta name=\"twitter:label1\" content=\"Escrito por\" \/>\n\t<meta name=\"twitter:data1\" content=\"Assessoria de Imprensa da PMPB\" \/>\n\t<meta name=\"twitter:label2\" content=\"Est. tempo de leitura\" \/>\n\t<meta name=\"twitter:data2\" content=\"1 minuto\" \/>\n<script type=\"application\/ld+json\" class=\"yoast-schema-graph\">{\"@context\":\"https:\/\/schema.org\",\"@graph\":[{\"@type\":\"Article\",\"@id\":\"https:\/\/www.pm.pb.gov.br\/portal\/2012\/04\/11\/3_batalhao_realiza_formatura_de_chs_e_chc\/#article\",\"isPartOf\":{\"@id\":\"https:\/\/www.pm.pb.gov.br\/portal\/2012\/04\/11\/3_batalhao_realiza_formatura_de_chs_e_chc\/\"},\"author\":{\"name\":\"Assessoria de Imprensa da PMPB\",\"@id\":\"https:\/\/www.pm.pb.gov.br\/portal\/#\/schema\/person\/e8454f46651c3ecf0e1ba3c1666d9947\"},\"headline\":\"3\u00ba Batalh\u00e3o realiza formatura de CHS e CHC\",\"datePublished\":\"2012-04-11T13:04:57+00:00\",\"dateModified\":\"2012-04-11T13:04:57+00:00\",\"mainEntityOfPage\":{\"@id\":\"https:\/\/www.pm.pb.gov.br\/portal\/2012\/04\/11\/3_batalhao_realiza_formatura_de_chs_e_chc\/\"},\"wordCount\":305,\"publisher\":{\"@id\":\"https:\/\/www.pm.pb.gov.br\/portal\/#organization\"},\"articleSection\":[\"A\u00e7\u00f5es Policiais\"],\"inLanguage\":\"pt-BR\"},{\"@type\":\"WebPage\",\"@id\":\"https:\/\/www.pm.pb.gov.br\/portal\/2012\/04\/11\/3_batalhao_realiza_formatura_de_chs_e_chc\/\",\"url\":\"https:\/\/www.pm.pb.gov.br\/portal\/2012\/04\/11\/3_batalhao_realiza_formatura_de_chs_e_chc\/\",\"name\":\"3\u00ba Batalh\u00e3o realiza formatura de CHS e CHC - Pol\u00edcia Militar da Para\u00edba\",\"isPartOf\":{\"@id\":\"https:\/\/www.pm.pb.gov.br\/portal\/#website\"},\"datePublished\":\"2012-04-11T13:04:57+00:00\",\"dateModified\":\"2012-04-11T13:04:57+00:00\",\"breadcrumb\":{\"@id\":\"https:\/\/www.pm.pb.gov.br\/portal\/2012\/04\/11\/3_batalhao_realiza_formatura_de_chs_e_chc\/#breadcrumb\"},\"inLanguage\":\"pt-BR\",\"potentialAction\":[{\"@type\":\"ReadAction\",\"target\":[\"https:\/\/www.pm.pb.gov.br\/portal\/2012\/04\/11\/3_batalhao_realiza_formatura_de_chs_e_chc\/\"]}]},{\"@type\":\"BreadcrumbList\",\"@id\":\"https:\/\/www.pm.pb.gov.br\/portal\/2012\/04\/11\/3_batalhao_realiza_formatura_de_chs_e_chc\/#breadcrumb\",\"itemListElement\":[{\"@type\":\"ListItem\",\"position\":1,\"name\":\"In\u00edcio\",\"item\":\"https:\/\/www.pm.pb.gov.br\/portal\/\"},{\"@type\":\"ListItem\",\"position\":2,\"name\":\"3\u00ba Batalh\u00e3o realiza formatura de CHS e CHC\"}]},{\"@type\":\"WebSite\",\"@id\":\"https:\/\/www.pm.pb.gov.br\/portal\/#website\",\"url\":\"https:\/\/www.pm.pb.gov.br\/portal\/\",\"name\":\"Pol\u00edcia Militar da Para\u00edba\",\"description\":\"\",\"publisher\":{\"@id\":\"https:\/\/www.pm.pb.gov.br\/portal\/#organization\"},\"potentialAction\":[{\"@type\":\"SearchAction\",\"target\":{\"@type\":\"EntryPoint\",\"urlTemplate\":\"https:\/\/www.pm.pb.gov.br\/portal\/?s={search_term_string}\"},\"query-input\":\"required name=search_term_string\"}],\"inLanguage\":\"pt-BR\"},{\"@type\":\"Organization\",\"@id\":\"https:\/\/www.pm.pb.gov.br\/portal\/#organization\",\"name\":\"Pol\u00edcia Militar da Para\u00edba\",\"url\":\"https:\/\/www.pm.pb.gov.br\/portal\/\",\"logo\":{\"@type\":\"ImageObject\",\"inLanguage\":\"pt-BR\",\"@id\":\"https:\/\/www.pm.pb.gov.br\/portal\/#\/schema\/logo\/image\/\",\"url\":\"https:\/\/www.pm.pb.gov.br\/portal\/wp-content\/uploads\/2025\/03\/cropped-logo-site-mag2-1.png\",\"contentUrl\":\"https:\/\/www.pm.pb.gov.br\/portal\/wp-content\/uploads\/2025\/03\/cropped-logo-site-mag2-1.png\",\"width\":320,\"height\":90,\"caption\":\"Pol\u00edcia Militar da Para\u00edba\"},\"image\":{\"@id\":\"https:\/\/www.pm.pb.gov.br\/portal\/#\/schema\/logo\/image\/\"}},{\"@type\":\"Person\",\"@id\":\"https:\/\/www.pm.pb.gov.br\/portal\/#\/schema\/person\/e8454f46651c3ecf0e1ba3c1666d9947\",\"name\":\"Assessoria de Imprensa da PMPB\",\"image\":{\"@type\":\"ImageObject\",\"inLanguage\":\"pt-BR\",\"@id\":\"https:\/\/www.pm.pb.gov.br\/portal\/#\/schema\/person\/image\/\",\"url\":\"https:\/\/secure.gravatar.com\/avatar\/2efe197438265d1e90bd98c4c8e1acf8?s=96&d=mm&r=g\",\"contentUrl\":\"https:\/\/secure.gravatar.com\/avatar\/2efe197438265d1e90bd98c4c8e1acf8?s=96&d=mm&r=g\",\"caption\":\"Assessoria de Imprensa da PMPB\"},\"url\":\"https:\/\/www.pm.pb.gov.br\/portal\/author\/assessoria\/\"}]}<\/script>\n<!-- \/ Yoast SEO plugin. -->","yoast_head_json":{"title":"3\u00ba Batalh\u00e3o realiza formatura de CHS e CHC - Pol\u00edcia Militar da Para\u00edba","robots":{"index":"index","follow":"follow","max-snippet":"max-snippet:-1","max-image-preview":"max-image-preview:large","max-video-preview":"max-video-preview:-1"},"canonical":"https:\/\/www.pm.pb.gov.br\/portal\/2012\/04\/11\/3_batalhao_realiza_formatura_de_chs_e_chc\/","og_locale":"pt_BR","og_type":"article","og_title":"3\u00ba Batalh\u00e3o realiza formatura de CHS e CHC - Pol\u00edcia Militar da Para\u00edba","og_description":"Foi realizada na manh\u00e3 dessa ter\u00e7a-feira, 10, na Sede do 3\u00ba Batalh\u00e3o de Pol\u00edcia Militar da Para\u00edba, sediado na cidade","og_url":"https:\/\/www.pm.pb.gov.br\/portal\/2012\/04\/11\/3_batalhao_realiza_formatura_de_chs_e_chc\/","og_site_name":"Pol\u00edcia Militar da Para\u00edba","article_published_time":"2012-04-11T13:04:57+00:00","og_image":[{"width":500,"height":375,"url":"https:\/\/www.pm.pb.gov.br\/portal\/wp-content\/uploads\/2012\/04\/6416_7702.jpg","type":"image\/jpeg"}],"author":"Assessoria de Imprensa da PMPB","twitter_card":"summary_large_image","twitter_misc":{"Escrito por":"Assessoria de Imprensa da PMPB","Est. tempo de leitura":"1 minuto"},"schema":{"@context":"https:\/\/schema.org","@graph":[{"@type":"Article","@id":"https:\/\/www.pm.pb.gov.br\/portal\/2012\/04\/11\/3_batalhao_realiza_formatura_de_chs_e_chc\/#article","isPartOf":{"@id":"https:\/\/www.pm.pb.gov.br\/portal\/2012\/04\/11\/3_batalhao_realiza_formatura_de_chs_e_chc\/"},"author":{"name":"Assessoria de Imprensa da PMPB","@id":"https:\/\/www.pm.pb.gov.br\/portal\/#\/schema\/person\/e8454f46651c3ecf0e1ba3c1666d9947"},"headline":"3\u00ba Batalh\u00e3o realiza formatura de CHS e CHC","datePublished":"2012-04-11T13:04:57+00:00","dateModified":"2012-04-11T13:04:57+00:00","mainEntityOfPage":{"@id":"https:\/\/www.pm.pb.gov.br\/portal\/2012\/04\/11\/3_batalhao_realiza_formatura_de_chs_e_chc\/"},"wordCount":305,"publisher":{"@id":"https:\/\/www.pm.pb.gov.br\/portal\/#organization"},"articleSection":["A\u00e7\u00f5es Policiais"],"inLanguage":"pt-BR"},{"@type":"WebPage","@id":"https:\/\/www.pm.pb.gov.br\/portal\/2012\/04\/11\/3_batalhao_realiza_formatura_de_chs_e_chc\/","url":"https:\/\/www.pm.pb.gov.br\/portal\/2012\/04\/11\/3_batalhao_realiza_formatura_de_chs_e_chc\/","name":"3\u00ba Batalh\u00e3o realiza formatura de CHS e CHC - Pol\u00edcia Militar da Para\u00edba","isPartOf":{"@id":"https:\/\/www.pm.pb.gov.br\/portal\/#website"},"datePublished":"2012-04-11T13:04:57+00:00","dateModified":"2012-04-11T13:04:57+00:00","breadcrumb":{"@id":"https:\/\/www.pm.pb.gov.br\/portal\/2012\/04\/11\/3_batalhao_realiza_formatura_de_chs_e_chc\/#breadcrumb"},"inLanguage":"pt-BR","potentialAction":[{"@type":"ReadAction","target":["https:\/\/www.pm.pb.gov.br\/portal\/2012\/04\/11\/3_batalhao_realiza_formatura_de_chs_e_chc\/"]}]},{"@type":"BreadcrumbList","@id":"https:\/\/www.pm.pb.gov.br\/portal\/2012\/04\/11\/3_batalhao_realiza_formatura_de_chs_e_chc\/#breadcrumb","itemListElement":[{"@type":"ListItem","position":1,"name":"In\u00edcio","item":"https:\/\/www.pm.pb.gov.br\/portal\/"},{"@type":"ListItem","position":2,"name":"3\u00ba Batalh\u00e3o realiza formatura de CHS e CHC"}]},{"@type":"WebSite","@id":"https:\/\/www.pm.pb.gov.br\/portal\/#website","url":"https:\/\/www.pm.pb.gov.br\/portal\/","name":"Pol\u00edcia Militar da Para\u00edba","description":"","publisher":{"@id":"https:\/\/www.pm.pb.gov.br\/portal\/#organization"},"potentialAction":[{"@type":"SearchAction","target":{"@type":"EntryPoint","urlTemplate":"https:\/\/www.pm.pb.gov.br\/portal\/?s={search_term_string}"},"query-input":"required name=search_term_string"}],"inLanguage":"pt-BR"},{"@type":"Organization","@id":"https:\/\/www.pm.pb.gov.br\/portal\/#organization","name":"Pol\u00edcia Militar da Para\u00edba","url":"https:\/\/www.pm.pb.gov.br\/portal\/","logo":{"@type":"ImageObject","inLanguage":"pt-BR","@id":"https:\/\/www.pm.pb.gov.br\/portal\/#\/schema\/logo\/image\/","url":"https:\/\/www.pm.pb.gov.br\/portal\/wp-content\/uploads\/2025\/03\/cropped-logo-site-mag2-1.png","contentUrl":"https:\/\/www.pm.pb.gov.br\/portal\/wp-content\/uploads\/2025\/03\/cropped-logo-site-mag2-1.png","width":320,"height":90,"caption":"Pol\u00edcia Militar da Para\u00edba"},"image":{"@id":"https:\/\/www.pm.pb.gov.br\/portal\/#\/schema\/logo\/image\/"}},{"@type":"Person","@id":"https:\/\/www.pm.pb.gov.br\/portal\/#\/schema\/person\/e8454f46651c3ecf0e1ba3c1666d9947","name":"Assessoria de Imprensa da PMPB","image":{"@type":"ImageObject","inLanguage":"pt-BR","@id":"https:\/\/www.pm.pb.gov.br\/portal\/#\/schema\/person\/image\/","url":"https:\/\/secure.gravatar.com\/avatar\/2efe197438265d1e90bd98c4c8e1acf8?s=96&d=mm&r=g","contentUrl":"https:\/\/secure.gravatar.com\/avatar\/2efe197438265d1e90bd98c4c8e1acf8?s=96&d=mm&r=g","caption":"Assessoria de Imprensa da PMPB"},"url":"https:\/\/www.pm.pb.gov.br\/portal\/author\/assessoria\/"}]}},"_links":{"self":[{"href":"https:\/\/www.pm.pb.gov.br\/portal\/wp-json\/wp\/v2\/posts\/6416"}],"collection":[{"href":"https:\/\/www.pm.pb.gov.br\/portal\/wp-json\/wp\/v2\/posts"}],"about":[{"href":"https:\/\/www.pm.pb.gov.br\/portal\/wp-json\/wp\/v2\/types\/post"}],"author":[{"embeddable":true,"href":"https:\/\/www.pm.pb.gov.br\/portal\/wp-json\/wp\/v2\/users\/5"}],"replies":[{"embeddable":true,"href":"https:\/\/www.pm.pb.gov.br\/portal\/wp-json\/wp\/v2\/comments?post=6416"}],"version-history":[{"count":0,"href":"https:\/\/www.pm.pb.gov.br\/portal\/wp-json\/wp\/v2\/posts\/6416\/revisions"}],"wp:featuredmedia":[{"embeddable":true,"href":"https:\/\/www.pm.pb.gov.br\/portal\/wp-json\/wp\/v2\/media\/7702"}],"wp:attachment":[{"href":"https:\/\/www.pm.pb.gov.br\/portal\/wp-json\/wp\/v2\/media?parent=6416"}],"wp:term":[{"taxonomy":"category","embeddable":true,"href":"https:\/\/www.pm.pb.gov.br\/portal\/wp-json\/wp\/v2\/categories?post=6416"},{"taxonomy":"post_tag","embeddable":true,"href":"https:\/\/www.pm.pb.gov.br\/portal\/wp-json\/wp\/v2\/tags?post=6416"}],"curies":[{"name":"wp","href":"https:\/\/api.w.org\/{rel}","templated":true}]}}