{"id":6415,"date":"2012-04-11T10:04:41","date_gmt":"2012-04-11T13:04:41","guid":{"rendered":"http:\/\/www.pm.pb.gov.br\/portal\/2012\/04\/pm_realiza_a_ix_corrida_tiradentes\/"},"modified":"2012-04-11T10:04:41","modified_gmt":"2012-04-11T13:04:41","slug":"pm_realiza_a_ix_corrida_tiradentes","status":"publish","type":"post","link":"https:\/\/www.pm.pb.gov.br\/portal\/2012\/04\/11\/pm_realiza_a_ix_corrida_tiradentes\/","title":{"rendered":"PM realiza a IX corrida Tiradentes"},"content":{"rendered":"<div style=\"text-align: justify;\">\n<p>O Centro de Educa\u00e7\u00e3o da Pol\u00edcia Militar realizar\u00e1 no pr\u00f3ximo dia 18 de abril, \u00e1s 19:30, a tradicional Corrida Tiradentes, que visa homenagear o Patrono das Pol\u00edcias e Bombeiros Militares do Brasil, al\u00e9m de comemorar o 22\u00ba Anivers\u00e1rio do Centro de Educa\u00e7\u00e3o.<\/p>\n<p>O Centro de Educa\u00e7\u00e3o \u00e9 umaInstitui\u00e7\u00e3o de Ensino reconhecida nacionalmente. A corrida foi montada de forma que todos possam participar, com percurso de 10 km, 5 km e uma caminhada de 3 km.<\/p>\n<p>O percurso ser\u00e1 o seguinte: Ponto de partida o P\u00e1tio Interno do Centro de Educa\u00e7\u00e3o, seguindo at\u00e9 o DETRAN, Avenida Hilton Souto Maior, contorno da Penha, retornando pela Hilton Souto Maior at\u00e9 o contorno da aldeia SOS e em<br \/>\nseguida ao Centro de Educa\u00e7\u00e3o.<\/p>\n<p>Os postos de inscri\u00e7\u00f5es est\u00e3o localizadas no Quartel do Comando Geral, Centro de Educa\u00e7\u00e3o da Pol\u00edcia Militar, Projeto Caminhar Praia e Ronald\u00e3o e na seda da ASCORPA (Rua Miguel Couto, 135, 3\u00ba Andar, Centro, Jo\u00e3o Pessoa, Para\u00edba. CEP 58010-770.Telefone: (83) 8830-6501)<\/p>\n<p>Para maiores informa\u00e7\u00f5es est\u00e1 dispon\u00edvel no site da PMPB, o regulamento geral da competi\u00e7\u00e3o. www.pm.pb.gov.br. Ou atrev\u00e9s da Coordena\u00e7\u00e3o de Educa\u00e7\u00e3o da Pol\u00edcia Militar fone: 3213-9240 \u0096 8831-1319 (Major Juceilton \u0096 Coordenador Geral da Corrida)<\/p>\n<div class=\"row\" align=\"center\"><\/div>\n<\/div>\n","protected":false},"excerpt":{"rendered":"<p>O Centro de Educa\u00e7\u00e3o da Pol\u00edcia Militar realizar\u00e1 no pr\u00f3ximo dia 18 de abril, \u00e1s 19:30, a tradicional Corrida Tiradentes,<\/p>\n","protected":false},"author":5,"featured_media":890701,"comment_status":"closed","ping_status":"closed","sticky":false,"template":"","format":"standard","meta":{"_exactmetrics_skip_tracking":false,"_exactmetrics_sitenote_active":false,"_exactmetrics_sitenote_note":"","_exactmetrics_sitenote_category":0,"footnotes":""},"categories":[4],"tags":[],"yoast_head":"<!-- This site is optimized with the Yoast SEO plugin v22.0 - https:\/\/yoast.com\/wordpress\/plugins\/seo\/ -->\n<title>PM realiza a IX corrida Tiradentes - Pol\u00edcia Militar da Para\u00edba<\/title>\n<meta name=\"robots\" content=\"index, follow, max-snippet:-1, max-image-preview:large, max-video-preview:-1\" \/>\n<link rel=\"canonical\" href=\"https:\/\/www.pm.pb.gov.br\/portal\/2012\/04\/11\/pm_realiza_a_ix_corrida_tiradentes\/\" \/>\n<meta property=\"og:locale\" content=\"pt_BR\" \/>\n<meta property=\"og:type\" content=\"article\" \/>\n<meta property=\"og:title\" content=\"PM realiza a IX corrida Tiradentes - Pol\u00edcia Militar da Para\u00edba\" \/>\n<meta property=\"og:description\" content=\"O Centro de Educa\u00e7\u00e3o da Pol\u00edcia Militar realizar\u00e1 no pr\u00f3ximo dia 18 de abril, \u00e1s 19:30, a tradicional Corrida Tiradentes,\" \/>\n<meta property=\"og:url\" content=\"https:\/\/www.pm.pb.gov.br\/portal\/2012\/04\/11\/pm_realiza_a_ix_corrida_tiradentes\/\" \/>\n<meta property=\"og:site_name\" content=\"Pol\u00edcia Militar da Para\u00edba\" \/>\n<meta property=\"article:published_time\" content=\"2012-04-11T13:04:41+00:00\" \/>\n<meta property=\"og:image\" content=\"https:\/\/www.pm.pb.gov.br\/portal\/wp-content\/uploads\/2012\/04\/foto_brasao-17.jpg\" \/>\n\t<meta property=\"og:image:width\" content=\"620\" \/>\n\t<meta property=\"og:image:height\" content=\"411\" \/>\n\t<meta property=\"og:image:type\" content=\"image\/jpeg\" \/>\n<meta name=\"author\" content=\"Assessoria de Imprensa da PMPB\" \/>\n<meta name=\"twitter:card\" content=\"summary_large_image\" \/>\n<meta name=\"twitter:label1\" content=\"Escrito por\" \/>\n\t<meta name=\"twitter:data1\" content=\"Assessoria de Imprensa da PMPB\" \/>\n\t<meta name=\"twitter:label2\" content=\"Est. tempo de leitura\" \/>\n\t<meta name=\"twitter:data2\" content=\"1 minuto\" \/>\n<script type=\"application\/ld+json\" class=\"yoast-schema-graph\">{\"@context\":\"https:\/\/schema.org\",\"@graph\":[{\"@type\":\"Article\",\"@id\":\"https:\/\/www.pm.pb.gov.br\/portal\/2012\/04\/11\/pm_realiza_a_ix_corrida_tiradentes\/#article\",\"isPartOf\":{\"@id\":\"https:\/\/www.pm.pb.gov.br\/portal\/2012\/04\/11\/pm_realiza_a_ix_corrida_tiradentes\/\"},\"author\":{\"name\":\"Assessoria de Imprensa da PMPB\",\"@id\":\"https:\/\/www.pm.pb.gov.br\/portal\/#\/schema\/person\/e8454f46651c3ecf0e1ba3c1666d9947\"},\"headline\":\"PM realiza a IX corrida Tiradentes\",\"datePublished\":\"2012-04-11T13:04:41+00:00\",\"dateModified\":\"2012-04-11T13:04:41+00:00\",\"mainEntityOfPage\":{\"@id\":\"https:\/\/www.pm.pb.gov.br\/portal\/2012\/04\/11\/pm_realiza_a_ix_corrida_tiradentes\/\"},\"wordCount\":220,\"publisher\":{\"@id\":\"https:\/\/www.pm.pb.gov.br\/portal\/#organization\"},\"articleSection\":[\"A\u00e7\u00f5es Policiais\"],\"inLanguage\":\"pt-BR\"},{\"@type\":\"WebPage\",\"@id\":\"https:\/\/www.pm.pb.gov.br\/portal\/2012\/04\/11\/pm_realiza_a_ix_corrida_tiradentes\/\",\"url\":\"https:\/\/www.pm.pb.gov.br\/portal\/2012\/04\/11\/pm_realiza_a_ix_corrida_tiradentes\/\",\"name\":\"PM realiza a IX corrida Tiradentes - Pol\u00edcia Militar da Para\u00edba\",\"isPartOf\":{\"@id\":\"https:\/\/www.pm.pb.gov.br\/portal\/#website\"},\"datePublished\":\"2012-04-11T13:04:41+00:00\",\"dateModified\":\"2012-04-11T13:04:41+00:00\",\"breadcrumb\":{\"@id\":\"https:\/\/www.pm.pb.gov.br\/portal\/2012\/04\/11\/pm_realiza_a_ix_corrida_tiradentes\/#breadcrumb\"},\"inLanguage\":\"pt-BR\",\"potentialAction\":[{\"@type\":\"ReadAction\",\"target\":[\"https:\/\/www.pm.pb.gov.br\/portal\/2012\/04\/11\/pm_realiza_a_ix_corrida_tiradentes\/\"]}]},{\"@type\":\"BreadcrumbList\",\"@id\":\"https:\/\/www.pm.pb.gov.br\/portal\/2012\/04\/11\/pm_realiza_a_ix_corrida_tiradentes\/#breadcrumb\",\"itemListElement\":[{\"@type\":\"ListItem\",\"position\":1,\"name\":\"In\u00edcio\",\"item\":\"https:\/\/www.pm.pb.gov.br\/portal\/\"},{\"@type\":\"ListItem\",\"position\":2,\"name\":\"PM realiza a IX corrida Tiradentes\"}]},{\"@type\":\"WebSite\",\"@id\":\"https:\/\/www.pm.pb.gov.br\/portal\/#website\",\"url\":\"https:\/\/www.pm.pb.gov.br\/portal\/\",\"name\":\"Pol\u00edcia Militar da Para\u00edba\",\"description\":\"\",\"publisher\":{\"@id\":\"https:\/\/www.pm.pb.gov.br\/portal\/#organization\"},\"potentialAction\":[{\"@type\":\"SearchAction\",\"target\":{\"@type\":\"EntryPoint\",\"urlTemplate\":\"https:\/\/www.pm.pb.gov.br\/portal\/?s={search_term_string}\"},\"query-input\":\"required name=search_term_string\"}],\"inLanguage\":\"pt-BR\"},{\"@type\":\"Organization\",\"@id\":\"https:\/\/www.pm.pb.gov.br\/portal\/#organization\",\"name\":\"Pol\u00edcia Militar da Para\u00edba\",\"url\":\"https:\/\/www.pm.pb.gov.br\/portal\/\",\"logo\":{\"@type\":\"ImageObject\",\"inLanguage\":\"pt-BR\",\"@id\":\"https:\/\/www.pm.pb.gov.br\/portal\/#\/schema\/logo\/image\/\",\"url\":\"https:\/\/www.pm.pb.gov.br\/portal\/wp-content\/uploads\/2025\/03\/cropped-logo-site-mag2-1.png\",\"contentUrl\":\"https:\/\/www.pm.pb.gov.br\/portal\/wp-content\/uploads\/2025\/03\/cropped-logo-site-mag2-1.png\",\"width\":320,\"height\":90,\"caption\":\"Pol\u00edcia Militar da Para\u00edba\"},\"image\":{\"@id\":\"https:\/\/www.pm.pb.gov.br\/portal\/#\/schema\/logo\/image\/\"}},{\"@type\":\"Person\",\"@id\":\"https:\/\/www.pm.pb.gov.br\/portal\/#\/schema\/person\/e8454f46651c3ecf0e1ba3c1666d9947\",\"name\":\"Assessoria de Imprensa da PMPB\",\"image\":{\"@type\":\"ImageObject\",\"inLanguage\":\"pt-BR\",\"@id\":\"https:\/\/www.pm.pb.gov.br\/portal\/#\/schema\/person\/image\/\",\"url\":\"https:\/\/secure.gravatar.com\/avatar\/2efe197438265d1e90bd98c4c8e1acf8?s=96&d=mm&r=g\",\"contentUrl\":\"https:\/\/secure.gravatar.com\/avatar\/2efe197438265d1e90bd98c4c8e1acf8?s=96&d=mm&r=g\",\"caption\":\"Assessoria de Imprensa da PMPB\"},\"url\":\"https:\/\/www.pm.pb.gov.br\/portal\/author\/assessoria\/\"}]}<\/script>\n<!-- \/ Yoast SEO plugin. -->","yoast_head_json":{"title":"PM realiza a IX corrida Tiradentes - Pol\u00edcia Militar da Para\u00edba","robots":{"index":"index","follow":"follow","max-snippet":"max-snippet:-1","max-image-preview":"max-image-preview:large","max-video-preview":"max-video-preview:-1"},"canonical":"https:\/\/www.pm.pb.gov.br\/portal\/2012\/04\/11\/pm_realiza_a_ix_corrida_tiradentes\/","og_locale":"pt_BR","og_type":"article","og_title":"PM realiza a IX corrida Tiradentes - Pol\u00edcia Militar da Para\u00edba","og_description":"O Centro de Educa\u00e7\u00e3o da Pol\u00edcia Militar realizar\u00e1 no pr\u00f3ximo dia 18 de abril, \u00e1s 19:30, a tradicional Corrida Tiradentes,","og_url":"https:\/\/www.pm.pb.gov.br\/portal\/2012\/04\/11\/pm_realiza_a_ix_corrida_tiradentes\/","og_site_name":"Pol\u00edcia Militar da Para\u00edba","article_published_time":"2012-04-11T13:04:41+00:00","og_image":[{"width":620,"height":411,"url":"https:\/\/www.pm.pb.gov.br\/portal\/wp-content\/uploads\/2012\/04\/foto_brasao-17.jpg","type":"image\/jpeg"}],"author":"Assessoria de Imprensa da PMPB","twitter_card":"summary_large_image","twitter_misc":{"Escrito por":"Assessoria de Imprensa da PMPB","Est. tempo de leitura":"1 minuto"},"schema":{"@context":"https:\/\/schema.org","@graph":[{"@type":"Article","@id":"https:\/\/www.pm.pb.gov.br\/portal\/2012\/04\/11\/pm_realiza_a_ix_corrida_tiradentes\/#article","isPartOf":{"@id":"https:\/\/www.pm.pb.gov.br\/portal\/2012\/04\/11\/pm_realiza_a_ix_corrida_tiradentes\/"},"author":{"name":"Assessoria de Imprensa da PMPB","@id":"https:\/\/www.pm.pb.gov.br\/portal\/#\/schema\/person\/e8454f46651c3ecf0e1ba3c1666d9947"},"headline":"PM realiza a IX corrida Tiradentes","datePublished":"2012-04-11T13:04:41+00:00","dateModified":"2012-04-11T13:04:41+00:00","mainEntityOfPage":{"@id":"https:\/\/www.pm.pb.gov.br\/portal\/2012\/04\/11\/pm_realiza_a_ix_corrida_tiradentes\/"},"wordCount":220,"publisher":{"@id":"https:\/\/www.pm.pb.gov.br\/portal\/#organization"},"articleSection":["A\u00e7\u00f5es Policiais"],"inLanguage":"pt-BR"},{"@type":"WebPage","@id":"https:\/\/www.pm.pb.gov.br\/portal\/2012\/04\/11\/pm_realiza_a_ix_corrida_tiradentes\/","url":"https:\/\/www.pm.pb.gov.br\/portal\/2012\/04\/11\/pm_realiza_a_ix_corrida_tiradentes\/","name":"PM realiza a IX corrida Tiradentes - Pol\u00edcia Militar da Para\u00edba","isPartOf":{"@id":"https:\/\/www.pm.pb.gov.br\/portal\/#website"},"datePublished":"2012-04-11T13:04:41+00:00","dateModified":"2012-04-11T13:04:41+00:00","breadcrumb":{"@id":"https:\/\/www.pm.pb.gov.br\/portal\/2012\/04\/11\/pm_realiza_a_ix_corrida_tiradentes\/#breadcrumb"},"inLanguage":"pt-BR","potentialAction":[{"@type":"ReadAction","target":["https:\/\/www.pm.pb.gov.br\/portal\/2012\/04\/11\/pm_realiza_a_ix_corrida_tiradentes\/"]}]},{"@type":"BreadcrumbList","@id":"https:\/\/www.pm.pb.gov.br\/portal\/2012\/04\/11\/pm_realiza_a_ix_corrida_tiradentes\/#breadcrumb","itemListElement":[{"@type":"ListItem","position":1,"name":"In\u00edcio","item":"https:\/\/www.pm.pb.gov.br\/portal\/"},{"@type":"ListItem","position":2,"name":"PM realiza a IX corrida Tiradentes"}]},{"@type":"WebSite","@id":"https:\/\/www.pm.pb.gov.br\/portal\/#website","url":"https:\/\/www.pm.pb.gov.br\/portal\/","name":"Pol\u00edcia Militar da Para\u00edba","description":"","publisher":{"@id":"https:\/\/www.pm.pb.gov.br\/portal\/#organization"},"potentialAction":[{"@type":"SearchAction","target":{"@type":"EntryPoint","urlTemplate":"https:\/\/www.pm.pb.gov.br\/portal\/?s={search_term_string}"},"query-input":"required name=search_term_string"}],"inLanguage":"pt-BR"},{"@type":"Organization","@id":"https:\/\/www.pm.pb.gov.br\/portal\/#organization","name":"Pol\u00edcia Militar da Para\u00edba","url":"https:\/\/www.pm.pb.gov.br\/portal\/","logo":{"@type":"ImageObject","inLanguage":"pt-BR","@id":"https:\/\/www.pm.pb.gov.br\/portal\/#\/schema\/logo\/image\/","url":"https:\/\/www.pm.pb.gov.br\/portal\/wp-content\/uploads\/2025\/03\/cropped-logo-site-mag2-1.png","contentUrl":"https:\/\/www.pm.pb.gov.br\/portal\/wp-content\/uploads\/2025\/03\/cropped-logo-site-mag2-1.png","width":320,"height":90,"caption":"Pol\u00edcia Militar da Para\u00edba"},"image":{"@id":"https:\/\/www.pm.pb.gov.br\/portal\/#\/schema\/logo\/image\/"}},{"@type":"Person","@id":"https:\/\/www.pm.pb.gov.br\/portal\/#\/schema\/person\/e8454f46651c3ecf0e1ba3c1666d9947","name":"Assessoria de Imprensa da PMPB","image":{"@type":"ImageObject","inLanguage":"pt-BR","@id":"https:\/\/www.pm.pb.gov.br\/portal\/#\/schema\/person\/image\/","url":"https:\/\/secure.gravatar.com\/avatar\/2efe197438265d1e90bd98c4c8e1acf8?s=96&d=mm&r=g","contentUrl":"https:\/\/secure.gravatar.com\/avatar\/2efe197438265d1e90bd98c4c8e1acf8?s=96&d=mm&r=g","caption":"Assessoria de Imprensa da PMPB"},"url":"https:\/\/www.pm.pb.gov.br\/portal\/author\/assessoria\/"}]}},"_links":{"self":[{"href":"https:\/\/www.pm.pb.gov.br\/portal\/wp-json\/wp\/v2\/posts\/6415"}],"collection":[{"href":"https:\/\/www.pm.pb.gov.br\/portal\/wp-json\/wp\/v2\/posts"}],"about":[{"href":"https:\/\/www.pm.pb.gov.br\/portal\/wp-json\/wp\/v2\/types\/post"}],"author":[{"embeddable":true,"href":"https:\/\/www.pm.pb.gov.br\/portal\/wp-json\/wp\/v2\/users\/5"}],"replies":[{"embeddable":true,"href":"https:\/\/www.pm.pb.gov.br\/portal\/wp-json\/wp\/v2\/comments?post=6415"}],"version-history":[{"count":0,"href":"https:\/\/www.pm.pb.gov.br\/portal\/wp-json\/wp\/v2\/posts\/6415\/revisions"}],"wp:featuredmedia":[{"embeddable":true,"href":"https:\/\/www.pm.pb.gov.br\/portal\/wp-json\/wp\/v2\/media\/890701"}],"wp:attachment":[{"href":"https:\/\/www.pm.pb.gov.br\/portal\/wp-json\/wp\/v2\/media?parent=6415"}],"wp:term":[{"taxonomy":"category","embeddable":true,"href":"https:\/\/www.pm.pb.gov.br\/portal\/wp-json\/wp\/v2\/categories?post=6415"},{"taxonomy":"post_tag","embeddable":true,"href":"https:\/\/www.pm.pb.gov.br\/portal\/wp-json\/wp\/v2\/tags?post=6415"}],"curies":[{"name":"wp","href":"https:\/\/api.w.org\/{rel}","templated":true}]}}