{"id":6414,"date":"2012-04-11T10:04:35","date_gmt":"2012-04-11T13:04:35","guid":{"rendered":"http:\/\/www.pm.pb.gov.br\/portal\/2012\/04\/4_batalhao_apreende_armas_na_operacao_semana_santa\/"},"modified":"2012-04-11T10:04:35","modified_gmt":"2012-04-11T13:04:35","slug":"4_batalhao_apreende_armas_na_operacao_semana_santa","status":"publish","type":"post","link":"https:\/\/www.pm.pb.gov.br\/portal\/2012\/04\/11\/4_batalhao_apreende_armas_na_operacao_semana_santa\/","title":{"rendered":"4\u00ba Batalh\u00e3o apreende armas na Opera\u00e7\u00e3o Semana Santa"},"content":{"rendered":"<figure style=\"width: 500px\" class=\"wp-caption alignnone\"><img decoding=\"async\" class=\"alignnone size-medium\" src=\"http:\/\/www.pm.pb.gov.br\/portal\/wp-content\/uploads\/2012\/04\/6414_7701.jpg\" title=\"Armas apreendidas \" width=\"100%\" \/><figcaption class=\"wp-caption-text\">Armas apreendidas<\/figcaption><\/figure>\n<div style=\"text-align: justify;\">\n<p>Um esquema especial de policiamento foi empregado durante a Semana Santa na \u00e1rea do 4\u00ba Batalh\u00e3o, o resultado do policiamento foi considerado positivo uma vez que n\u00e3o foi registrado nenhum homic\u00eddio em toda \u00e1rea desta OPM, al\u00e9m do alto \u00edndice de armas de fogo e de drogas apreendidas.<\/p>\n<p>A opera\u00e7\u00e3o teve in\u00edcio no dia 4 de abril (quarta-feira, onde foram apreendidas tr\u00eas armas no Assentamento Maria Preta na cidade de Ara\u00e7agi, al\u00e9m destas mais quatro armas foram apreendidas na \u00e1rea do Batalh\u00e3o (Guarabira, Bananeiras, Sol\u00e2nea e Bel\u00e9m).<\/p>\n<p>Foi realizada ainda duas apreens\u00f5es de drogas, ambas na cidade de Guarabira uma no bairro do Ros\u00e1rio e outra no bairro da Esplanada.<\/p>\n<p>Neste ano j\u00e1 foram apreendidas 57 armas, mais de 250 muni\u00e7\u00f5es em toda \u00e1rea da Unidade e 1,605 kg de maconha, mais de 500 papelotes da mesma, 290 pedras de crack e 24 frascos de lol\u00f3. <\/p>\n<div class=\"row\" align=\"center\"><\/div>\n<\/div>\n","protected":false},"excerpt":{"rendered":"<p>Um esquema especial de policiamento foi empregado durante a Semana Santa na \u00e1rea do 4\u00ba Batalh\u00e3o, o resultado do policiamento<\/p>\n","protected":false},"author":5,"featured_media":7701,"comment_status":"closed","ping_status":"closed","sticky":false,"template":"","format":"standard","meta":{"_exactmetrics_skip_tracking":false,"_exactmetrics_sitenote_active":false,"_exactmetrics_sitenote_note":"","_exactmetrics_sitenote_category":0,"footnotes":""},"categories":[4],"tags":[],"yoast_head":"<!-- This site is optimized with the Yoast SEO plugin v22.0 - https:\/\/yoast.com\/wordpress\/plugins\/seo\/ -->\n<title>4\u00ba Batalh\u00e3o apreende armas na Opera\u00e7\u00e3o Semana Santa - Pol\u00edcia Militar da Para\u00edba<\/title>\n<meta name=\"robots\" content=\"index, follow, max-snippet:-1, max-image-preview:large, max-video-preview:-1\" \/>\n<link rel=\"canonical\" href=\"https:\/\/www.pm.pb.gov.br\/portal\/2012\/04\/11\/4_batalhao_apreende_armas_na_operacao_semana_santa\/\" \/>\n<meta property=\"og:locale\" content=\"pt_BR\" \/>\n<meta property=\"og:type\" content=\"article\" \/>\n<meta property=\"og:title\" content=\"4\u00ba Batalh\u00e3o apreende armas na Opera\u00e7\u00e3o Semana Santa - Pol\u00edcia Militar da Para\u00edba\" \/>\n<meta property=\"og:description\" content=\"Um esquema especial de policiamento foi empregado durante a Semana Santa na \u00e1rea do 4\u00ba Batalh\u00e3o, o resultado do policiamento\" \/>\n<meta property=\"og:url\" content=\"https:\/\/www.pm.pb.gov.br\/portal\/2012\/04\/11\/4_batalhao_apreende_armas_na_operacao_semana_santa\/\" \/>\n<meta property=\"og:site_name\" content=\"Pol\u00edcia Militar da Para\u00edba\" \/>\n<meta property=\"article:published_time\" content=\"2012-04-11T13:04:35+00:00\" \/>\n<meta property=\"og:image\" content=\"https:\/\/www.pm.pb.gov.br\/portal\/wp-content\/uploads\/2012\/04\/6414_7701.jpg\" \/>\n\t<meta property=\"og:image:width\" content=\"500\" \/>\n\t<meta property=\"og:image:height\" content=\"303\" \/>\n\t<meta property=\"og:image:type\" content=\"image\/jpeg\" \/>\n<meta name=\"author\" content=\"Assessoria de Imprensa da PMPB\" \/>\n<meta name=\"twitter:card\" content=\"summary_large_image\" \/>\n<meta name=\"twitter:label1\" content=\"Escrito por\" \/>\n\t<meta name=\"twitter:data1\" content=\"Assessoria de Imprensa da PMPB\" \/>\n\t<meta name=\"twitter:label2\" content=\"Est. tempo de leitura\" \/>\n\t<meta name=\"twitter:data2\" content=\"1 minuto\" \/>\n<script type=\"application\/ld+json\" class=\"yoast-schema-graph\">{\"@context\":\"https:\/\/schema.org\",\"@graph\":[{\"@type\":\"Article\",\"@id\":\"https:\/\/www.pm.pb.gov.br\/portal\/2012\/04\/11\/4_batalhao_apreende_armas_na_operacao_semana_santa\/#article\",\"isPartOf\":{\"@id\":\"https:\/\/www.pm.pb.gov.br\/portal\/2012\/04\/11\/4_batalhao_apreende_armas_na_operacao_semana_santa\/\"},\"author\":{\"name\":\"Assessoria de Imprensa da PMPB\",\"@id\":\"https:\/\/www.pm.pb.gov.br\/portal\/#\/schema\/person\/e8454f46651c3ecf0e1ba3c1666d9947\"},\"headline\":\"4\u00ba Batalh\u00e3o apreende armas na Opera\u00e7\u00e3o Semana Santa\",\"datePublished\":\"2012-04-11T13:04:35+00:00\",\"dateModified\":\"2012-04-11T13:04:35+00:00\",\"mainEntityOfPage\":{\"@id\":\"https:\/\/www.pm.pb.gov.br\/portal\/2012\/04\/11\/4_batalhao_apreende_armas_na_operacao_semana_santa\/\"},\"wordCount\":170,\"publisher\":{\"@id\":\"https:\/\/www.pm.pb.gov.br\/portal\/#organization\"},\"articleSection\":[\"A\u00e7\u00f5es Policiais\"],\"inLanguage\":\"pt-BR\"},{\"@type\":\"WebPage\",\"@id\":\"https:\/\/www.pm.pb.gov.br\/portal\/2012\/04\/11\/4_batalhao_apreende_armas_na_operacao_semana_santa\/\",\"url\":\"https:\/\/www.pm.pb.gov.br\/portal\/2012\/04\/11\/4_batalhao_apreende_armas_na_operacao_semana_santa\/\",\"name\":\"4\u00ba Batalh\u00e3o apreende armas na Opera\u00e7\u00e3o Semana Santa - Pol\u00edcia Militar da Para\u00edba\",\"isPartOf\":{\"@id\":\"https:\/\/www.pm.pb.gov.br\/portal\/#website\"},\"datePublished\":\"2012-04-11T13:04:35+00:00\",\"dateModified\":\"2012-04-11T13:04:35+00:00\",\"breadcrumb\":{\"@id\":\"https:\/\/www.pm.pb.gov.br\/portal\/2012\/04\/11\/4_batalhao_apreende_armas_na_operacao_semana_santa\/#breadcrumb\"},\"inLanguage\":\"pt-BR\",\"potentialAction\":[{\"@type\":\"ReadAction\",\"target\":[\"https:\/\/www.pm.pb.gov.br\/portal\/2012\/04\/11\/4_batalhao_apreende_armas_na_operacao_semana_santa\/\"]}]},{\"@type\":\"BreadcrumbList\",\"@id\":\"https:\/\/www.pm.pb.gov.br\/portal\/2012\/04\/11\/4_batalhao_apreende_armas_na_operacao_semana_santa\/#breadcrumb\",\"itemListElement\":[{\"@type\":\"ListItem\",\"position\":1,\"name\":\"In\u00edcio\",\"item\":\"https:\/\/www.pm.pb.gov.br\/portal\/\"},{\"@type\":\"ListItem\",\"position\":2,\"name\":\"4\u00ba Batalh\u00e3o apreende armas na Opera\u00e7\u00e3o Semana Santa\"}]},{\"@type\":\"WebSite\",\"@id\":\"https:\/\/www.pm.pb.gov.br\/portal\/#website\",\"url\":\"https:\/\/www.pm.pb.gov.br\/portal\/\",\"name\":\"Pol\u00edcia Militar da Para\u00edba\",\"description\":\"\",\"publisher\":{\"@id\":\"https:\/\/www.pm.pb.gov.br\/portal\/#organization\"},\"potentialAction\":[{\"@type\":\"SearchAction\",\"target\":{\"@type\":\"EntryPoint\",\"urlTemplate\":\"https:\/\/www.pm.pb.gov.br\/portal\/?s={search_term_string}\"},\"query-input\":\"required name=search_term_string\"}],\"inLanguage\":\"pt-BR\"},{\"@type\":\"Organization\",\"@id\":\"https:\/\/www.pm.pb.gov.br\/portal\/#organization\",\"name\":\"Pol\u00edcia Militar da Para\u00edba\",\"url\":\"https:\/\/www.pm.pb.gov.br\/portal\/\",\"logo\":{\"@type\":\"ImageObject\",\"inLanguage\":\"pt-BR\",\"@id\":\"https:\/\/www.pm.pb.gov.br\/portal\/#\/schema\/logo\/image\/\",\"url\":\"https:\/\/www.pm.pb.gov.br\/portal\/wp-content\/uploads\/2025\/03\/cropped-logo-site-mag2-1.png\",\"contentUrl\":\"https:\/\/www.pm.pb.gov.br\/portal\/wp-content\/uploads\/2025\/03\/cropped-logo-site-mag2-1.png\",\"width\":320,\"height\":90,\"caption\":\"Pol\u00edcia Militar da Para\u00edba\"},\"image\":{\"@id\":\"https:\/\/www.pm.pb.gov.br\/portal\/#\/schema\/logo\/image\/\"}},{\"@type\":\"Person\",\"@id\":\"https:\/\/www.pm.pb.gov.br\/portal\/#\/schema\/person\/e8454f46651c3ecf0e1ba3c1666d9947\",\"name\":\"Assessoria de Imprensa da PMPB\",\"image\":{\"@type\":\"ImageObject\",\"inLanguage\":\"pt-BR\",\"@id\":\"https:\/\/www.pm.pb.gov.br\/portal\/#\/schema\/person\/image\/\",\"url\":\"https:\/\/secure.gravatar.com\/avatar\/2efe197438265d1e90bd98c4c8e1acf8?s=96&d=mm&r=g\",\"contentUrl\":\"https:\/\/secure.gravatar.com\/avatar\/2efe197438265d1e90bd98c4c8e1acf8?s=96&d=mm&r=g\",\"caption\":\"Assessoria de Imprensa da PMPB\"},\"url\":\"https:\/\/www.pm.pb.gov.br\/portal\/author\/assessoria\/\"}]}<\/script>\n<!-- \/ Yoast SEO plugin. -->","yoast_head_json":{"title":"4\u00ba Batalh\u00e3o apreende armas na Opera\u00e7\u00e3o Semana Santa - Pol\u00edcia Militar da Para\u00edba","robots":{"index":"index","follow":"follow","max-snippet":"max-snippet:-1","max-image-preview":"max-image-preview:large","max-video-preview":"max-video-preview:-1"},"canonical":"https:\/\/www.pm.pb.gov.br\/portal\/2012\/04\/11\/4_batalhao_apreende_armas_na_operacao_semana_santa\/","og_locale":"pt_BR","og_type":"article","og_title":"4\u00ba Batalh\u00e3o apreende armas na Opera\u00e7\u00e3o Semana Santa - Pol\u00edcia Militar da Para\u00edba","og_description":"Um esquema especial de policiamento foi empregado durante a Semana Santa na \u00e1rea do 4\u00ba Batalh\u00e3o, o resultado do policiamento","og_url":"https:\/\/www.pm.pb.gov.br\/portal\/2012\/04\/11\/4_batalhao_apreende_armas_na_operacao_semana_santa\/","og_site_name":"Pol\u00edcia Militar da Para\u00edba","article_published_time":"2012-04-11T13:04:35+00:00","og_image":[{"width":500,"height":303,"url":"https:\/\/www.pm.pb.gov.br\/portal\/wp-content\/uploads\/2012\/04\/6414_7701.jpg","type":"image\/jpeg"}],"author":"Assessoria de Imprensa da PMPB","twitter_card":"summary_large_image","twitter_misc":{"Escrito por":"Assessoria de Imprensa da PMPB","Est. tempo de leitura":"1 minuto"},"schema":{"@context":"https:\/\/schema.org","@graph":[{"@type":"Article","@id":"https:\/\/www.pm.pb.gov.br\/portal\/2012\/04\/11\/4_batalhao_apreende_armas_na_operacao_semana_santa\/#article","isPartOf":{"@id":"https:\/\/www.pm.pb.gov.br\/portal\/2012\/04\/11\/4_batalhao_apreende_armas_na_operacao_semana_santa\/"},"author":{"name":"Assessoria de Imprensa da PMPB","@id":"https:\/\/www.pm.pb.gov.br\/portal\/#\/schema\/person\/e8454f46651c3ecf0e1ba3c1666d9947"},"headline":"4\u00ba Batalh\u00e3o apreende armas na Opera\u00e7\u00e3o Semana Santa","datePublished":"2012-04-11T13:04:35+00:00","dateModified":"2012-04-11T13:04:35+00:00","mainEntityOfPage":{"@id":"https:\/\/www.pm.pb.gov.br\/portal\/2012\/04\/11\/4_batalhao_apreende_armas_na_operacao_semana_santa\/"},"wordCount":170,"publisher":{"@id":"https:\/\/www.pm.pb.gov.br\/portal\/#organization"},"articleSection":["A\u00e7\u00f5es Policiais"],"inLanguage":"pt-BR"},{"@type":"WebPage","@id":"https:\/\/www.pm.pb.gov.br\/portal\/2012\/04\/11\/4_batalhao_apreende_armas_na_operacao_semana_santa\/","url":"https:\/\/www.pm.pb.gov.br\/portal\/2012\/04\/11\/4_batalhao_apreende_armas_na_operacao_semana_santa\/","name":"4\u00ba Batalh\u00e3o apreende armas na Opera\u00e7\u00e3o Semana Santa - Pol\u00edcia Militar da Para\u00edba","isPartOf":{"@id":"https:\/\/www.pm.pb.gov.br\/portal\/#website"},"datePublished":"2012-04-11T13:04:35+00:00","dateModified":"2012-04-11T13:04:35+00:00","breadcrumb":{"@id":"https:\/\/www.pm.pb.gov.br\/portal\/2012\/04\/11\/4_batalhao_apreende_armas_na_operacao_semana_santa\/#breadcrumb"},"inLanguage":"pt-BR","potentialAction":[{"@type":"ReadAction","target":["https:\/\/www.pm.pb.gov.br\/portal\/2012\/04\/11\/4_batalhao_apreende_armas_na_operacao_semana_santa\/"]}]},{"@type":"BreadcrumbList","@id":"https:\/\/www.pm.pb.gov.br\/portal\/2012\/04\/11\/4_batalhao_apreende_armas_na_operacao_semana_santa\/#breadcrumb","itemListElement":[{"@type":"ListItem","position":1,"name":"In\u00edcio","item":"https:\/\/www.pm.pb.gov.br\/portal\/"},{"@type":"ListItem","position":2,"name":"4\u00ba Batalh\u00e3o apreende armas na Opera\u00e7\u00e3o Semana Santa"}]},{"@type":"WebSite","@id":"https:\/\/www.pm.pb.gov.br\/portal\/#website","url":"https:\/\/www.pm.pb.gov.br\/portal\/","name":"Pol\u00edcia Militar da Para\u00edba","description":"","publisher":{"@id":"https:\/\/www.pm.pb.gov.br\/portal\/#organization"},"potentialAction":[{"@type":"SearchAction","target":{"@type":"EntryPoint","urlTemplate":"https:\/\/www.pm.pb.gov.br\/portal\/?s={search_term_string}"},"query-input":"required name=search_term_string"}],"inLanguage":"pt-BR"},{"@type":"Organization","@id":"https:\/\/www.pm.pb.gov.br\/portal\/#organization","name":"Pol\u00edcia Militar da Para\u00edba","url":"https:\/\/www.pm.pb.gov.br\/portal\/","logo":{"@type":"ImageObject","inLanguage":"pt-BR","@id":"https:\/\/www.pm.pb.gov.br\/portal\/#\/schema\/logo\/image\/","url":"https:\/\/www.pm.pb.gov.br\/portal\/wp-content\/uploads\/2025\/03\/cropped-logo-site-mag2-1.png","contentUrl":"https:\/\/www.pm.pb.gov.br\/portal\/wp-content\/uploads\/2025\/03\/cropped-logo-site-mag2-1.png","width":320,"height":90,"caption":"Pol\u00edcia Militar da Para\u00edba"},"image":{"@id":"https:\/\/www.pm.pb.gov.br\/portal\/#\/schema\/logo\/image\/"}},{"@type":"Person","@id":"https:\/\/www.pm.pb.gov.br\/portal\/#\/schema\/person\/e8454f46651c3ecf0e1ba3c1666d9947","name":"Assessoria de Imprensa da PMPB","image":{"@type":"ImageObject","inLanguage":"pt-BR","@id":"https:\/\/www.pm.pb.gov.br\/portal\/#\/schema\/person\/image\/","url":"https:\/\/secure.gravatar.com\/avatar\/2efe197438265d1e90bd98c4c8e1acf8?s=96&d=mm&r=g","contentUrl":"https:\/\/secure.gravatar.com\/avatar\/2efe197438265d1e90bd98c4c8e1acf8?s=96&d=mm&r=g","caption":"Assessoria de Imprensa da PMPB"},"url":"https:\/\/www.pm.pb.gov.br\/portal\/author\/assessoria\/"}]}},"_links":{"self":[{"href":"https:\/\/www.pm.pb.gov.br\/portal\/wp-json\/wp\/v2\/posts\/6414"}],"collection":[{"href":"https:\/\/www.pm.pb.gov.br\/portal\/wp-json\/wp\/v2\/posts"}],"about":[{"href":"https:\/\/www.pm.pb.gov.br\/portal\/wp-json\/wp\/v2\/types\/post"}],"author":[{"embeddable":true,"href":"https:\/\/www.pm.pb.gov.br\/portal\/wp-json\/wp\/v2\/users\/5"}],"replies":[{"embeddable":true,"href":"https:\/\/www.pm.pb.gov.br\/portal\/wp-json\/wp\/v2\/comments?post=6414"}],"version-history":[{"count":0,"href":"https:\/\/www.pm.pb.gov.br\/portal\/wp-json\/wp\/v2\/posts\/6414\/revisions"}],"wp:featuredmedia":[{"embeddable":true,"href":"https:\/\/www.pm.pb.gov.br\/portal\/wp-json\/wp\/v2\/media\/7701"}],"wp:attachment":[{"href":"https:\/\/www.pm.pb.gov.br\/portal\/wp-json\/wp\/v2\/media?parent=6414"}],"wp:term":[{"taxonomy":"category","embeddable":true,"href":"https:\/\/www.pm.pb.gov.br\/portal\/wp-json\/wp\/v2\/categories?post=6414"},{"taxonomy":"post_tag","embeddable":true,"href":"https:\/\/www.pm.pb.gov.br\/portal\/wp-json\/wp\/v2\/tags?post=6414"}],"curies":[{"name":"wp","href":"https:\/\/api.w.org\/{rel}","templated":true}]}}