{"id":6413,"date":"2012-04-11T10:04:19","date_gmt":"2012-04-11T13:04:19","guid":{"rendered":"http:\/\/www.pm.pb.gov.br\/portal\/2012\/04\/homicida_e_preso_na_praia_jacuma\/"},"modified":"2012-04-11T10:04:19","modified_gmt":"2012-04-11T13:04:19","slug":"homicida_e_preso_na_praia_jacuma","status":"publish","type":"post","link":"https:\/\/www.pm.pb.gov.br\/portal\/2012\/04\/11\/homicida_e_preso_na_praia_jacuma\/","title":{"rendered":"Homicida \u00e9 preso na praia Jacum\u00e3"},"content":{"rendered":"<div style=\"text-align: justify;\">\n<p>No \u00faltimo s\u00e1bado dia 07, por volta das 07h30min, policiais militares da 3\u00aa Cia, mais precisamente do radiopatrulhamento da cidade de Jacum\u00e3, realizam opera\u00e7\u00e3o policial naquele munic\u00edpio, que culminou na pris\u00e3o de um homicida, procurado pela Justi\u00e7a.<\/p>\n<p>A opera\u00e7\u00e3o foi comandada pelo 3\u00ba SARGENTO RICARDO, o qual j\u00e1 monitorava o acusado. Com base em informa\u00e7\u00f5es de populares, neste s\u00e1bado, conseguiram prender Adailton Correia dos Santos, 38 anos, bra\u00e7al, residente no munic\u00edpio de Esperan\u00e7a, mas atualmente morando na casa de parentes em Jacum\u00e3.<\/p>\n<p>O acusado confessou aos policiais militares que no dia 13 de mar\u00e7o de 2012, praticou um homic\u00eddio na cidade de Esperan\u00e7a, que vitimou um senhor de 65 anos.<\/p>\n<p>Ele disse ainda que teria desferido golpes de faca peixeira no pesco\u00e7o da v\u00edtima que faleceu no hospital. O acusado teria vindo para Jacum\u00e3 com o intuito de se esconder.<\/p>\n<p>A opera\u00e7\u00e3o foi elogiada pelo ASPIRANTE CARNEIRO, o qual destacou a abnega\u00e7\u00e3o de seus policiais e a excelente resposta da 3\u00aa Companhia na resolu\u00e7\u00e3o de crimes.<\/p>\n<p>\u0093Para 3\u00aa Companhia n\u00e3o existe crime sem solu\u00e7\u00e3o, temos excelentes policiais, sempre atentos e com uma enorme vontade de servir a sociedade, todos envolvidos na opera\u00e7\u00e3o est\u00e3o de parab\u00e9ns,\u0094 disse o Aspirante.<\/p>\n<div class=\"row\" align=\"center\"><\/div>\n<\/div>\n","protected":false},"excerpt":{"rendered":"<p>No \u00faltimo s\u00e1bado dia 07, por volta das 07h30min, policiais militares da 3\u00aa Cia, mais precisamente do radiopatrulhamento da cidade<\/p>\n","protected":false},"author":5,"featured_media":890701,"comment_status":"closed","ping_status":"closed","sticky":false,"template":"","format":"standard","meta":{"_exactmetrics_skip_tracking":false,"_exactmetrics_sitenote_active":false,"_exactmetrics_sitenote_note":"","_exactmetrics_sitenote_category":0,"footnotes":""},"categories":[4],"tags":[],"yoast_head":"<!-- This site is optimized with the Yoast SEO plugin v22.0 - https:\/\/yoast.com\/wordpress\/plugins\/seo\/ -->\n<title>Homicida \u00e9 preso na praia Jacum\u00e3 - Pol\u00edcia Militar da Para\u00edba<\/title>\n<meta name=\"robots\" content=\"index, follow, max-snippet:-1, max-image-preview:large, max-video-preview:-1\" \/>\n<link rel=\"canonical\" href=\"https:\/\/www.pm.pb.gov.br\/portal\/2012\/04\/11\/homicida_e_preso_na_praia_jacuma\/\" \/>\n<meta property=\"og:locale\" content=\"pt_BR\" \/>\n<meta property=\"og:type\" content=\"article\" \/>\n<meta property=\"og:title\" content=\"Homicida \u00e9 preso na praia Jacum\u00e3 - Pol\u00edcia Militar da Para\u00edba\" \/>\n<meta property=\"og:description\" content=\"No \u00faltimo s\u00e1bado dia 07, por volta das 07h30min, policiais militares da 3\u00aa Cia, mais precisamente do radiopatrulhamento da cidade\" \/>\n<meta property=\"og:url\" content=\"https:\/\/www.pm.pb.gov.br\/portal\/2012\/04\/11\/homicida_e_preso_na_praia_jacuma\/\" \/>\n<meta property=\"og:site_name\" content=\"Pol\u00edcia Militar da Para\u00edba\" \/>\n<meta property=\"article:published_time\" content=\"2012-04-11T13:04:19+00:00\" \/>\n<meta property=\"og:image\" content=\"https:\/\/www.pm.pb.gov.br\/portal\/wp-content\/uploads\/2012\/04\/foto_brasao-17.jpg\" \/>\n\t<meta property=\"og:image:width\" content=\"620\" \/>\n\t<meta property=\"og:image:height\" content=\"411\" \/>\n\t<meta property=\"og:image:type\" content=\"image\/jpeg\" \/>\n<meta name=\"author\" content=\"Assessoria de Imprensa da PMPB\" \/>\n<meta name=\"twitter:card\" content=\"summary_large_image\" \/>\n<meta name=\"twitter:label1\" content=\"Escrito por\" \/>\n\t<meta name=\"twitter:data1\" content=\"Assessoria de Imprensa da PMPB\" \/>\n\t<meta name=\"twitter:label2\" content=\"Est. tempo de leitura\" \/>\n\t<meta name=\"twitter:data2\" content=\"1 minuto\" \/>\n<script type=\"application\/ld+json\" class=\"yoast-schema-graph\">{\"@context\":\"https:\/\/schema.org\",\"@graph\":[{\"@type\":\"Article\",\"@id\":\"https:\/\/www.pm.pb.gov.br\/portal\/2012\/04\/11\/homicida_e_preso_na_praia_jacuma\/#article\",\"isPartOf\":{\"@id\":\"https:\/\/www.pm.pb.gov.br\/portal\/2012\/04\/11\/homicida_e_preso_na_praia_jacuma\/\"},\"author\":{\"name\":\"Assessoria de Imprensa da PMPB\",\"@id\":\"https:\/\/www.pm.pb.gov.br\/portal\/#\/schema\/person\/e8454f46651c3ecf0e1ba3c1666d9947\"},\"headline\":\"Homicida \u00e9 preso na praia Jacum\u00e3\",\"datePublished\":\"2012-04-11T13:04:19+00:00\",\"dateModified\":\"2012-04-11T13:04:19+00:00\",\"mainEntityOfPage\":{\"@id\":\"https:\/\/www.pm.pb.gov.br\/portal\/2012\/04\/11\/homicida_e_preso_na_praia_jacuma\/\"},\"wordCount\":219,\"publisher\":{\"@id\":\"https:\/\/www.pm.pb.gov.br\/portal\/#organization\"},\"articleSection\":[\"A\u00e7\u00f5es Policiais\"],\"inLanguage\":\"pt-BR\"},{\"@type\":\"WebPage\",\"@id\":\"https:\/\/www.pm.pb.gov.br\/portal\/2012\/04\/11\/homicida_e_preso_na_praia_jacuma\/\",\"url\":\"https:\/\/www.pm.pb.gov.br\/portal\/2012\/04\/11\/homicida_e_preso_na_praia_jacuma\/\",\"name\":\"Homicida \u00e9 preso na praia Jacum\u00e3 - Pol\u00edcia Militar da Para\u00edba\",\"isPartOf\":{\"@id\":\"https:\/\/www.pm.pb.gov.br\/portal\/#website\"},\"datePublished\":\"2012-04-11T13:04:19+00:00\",\"dateModified\":\"2012-04-11T13:04:19+00:00\",\"breadcrumb\":{\"@id\":\"https:\/\/www.pm.pb.gov.br\/portal\/2012\/04\/11\/homicida_e_preso_na_praia_jacuma\/#breadcrumb\"},\"inLanguage\":\"pt-BR\",\"potentialAction\":[{\"@type\":\"ReadAction\",\"target\":[\"https:\/\/www.pm.pb.gov.br\/portal\/2012\/04\/11\/homicida_e_preso_na_praia_jacuma\/\"]}]},{\"@type\":\"BreadcrumbList\",\"@id\":\"https:\/\/www.pm.pb.gov.br\/portal\/2012\/04\/11\/homicida_e_preso_na_praia_jacuma\/#breadcrumb\",\"itemListElement\":[{\"@type\":\"ListItem\",\"position\":1,\"name\":\"In\u00edcio\",\"item\":\"https:\/\/www.pm.pb.gov.br\/portal\/\"},{\"@type\":\"ListItem\",\"position\":2,\"name\":\"Homicida \u00e9 preso na praia Jacum\u00e3\"}]},{\"@type\":\"WebSite\",\"@id\":\"https:\/\/www.pm.pb.gov.br\/portal\/#website\",\"url\":\"https:\/\/www.pm.pb.gov.br\/portal\/\",\"name\":\"Pol\u00edcia Militar da Para\u00edba\",\"description\":\"\",\"publisher\":{\"@id\":\"https:\/\/www.pm.pb.gov.br\/portal\/#organization\"},\"potentialAction\":[{\"@type\":\"SearchAction\",\"target\":{\"@type\":\"EntryPoint\",\"urlTemplate\":\"https:\/\/www.pm.pb.gov.br\/portal\/?s={search_term_string}\"},\"query-input\":\"required name=search_term_string\"}],\"inLanguage\":\"pt-BR\"},{\"@type\":\"Organization\",\"@id\":\"https:\/\/www.pm.pb.gov.br\/portal\/#organization\",\"name\":\"Pol\u00edcia Militar da Para\u00edba\",\"url\":\"https:\/\/www.pm.pb.gov.br\/portal\/\",\"logo\":{\"@type\":\"ImageObject\",\"inLanguage\":\"pt-BR\",\"@id\":\"https:\/\/www.pm.pb.gov.br\/portal\/#\/schema\/logo\/image\/\",\"url\":\"https:\/\/www.pm.pb.gov.br\/portal\/wp-content\/uploads\/2025\/03\/cropped-logo-site-mag2-1.png\",\"contentUrl\":\"https:\/\/www.pm.pb.gov.br\/portal\/wp-content\/uploads\/2025\/03\/cropped-logo-site-mag2-1.png\",\"width\":320,\"height\":90,\"caption\":\"Pol\u00edcia Militar da Para\u00edba\"},\"image\":{\"@id\":\"https:\/\/www.pm.pb.gov.br\/portal\/#\/schema\/logo\/image\/\"}},{\"@type\":\"Person\",\"@id\":\"https:\/\/www.pm.pb.gov.br\/portal\/#\/schema\/person\/e8454f46651c3ecf0e1ba3c1666d9947\",\"name\":\"Assessoria de Imprensa da PMPB\",\"image\":{\"@type\":\"ImageObject\",\"inLanguage\":\"pt-BR\",\"@id\":\"https:\/\/www.pm.pb.gov.br\/portal\/#\/schema\/person\/image\/\",\"url\":\"https:\/\/secure.gravatar.com\/avatar\/2efe197438265d1e90bd98c4c8e1acf8?s=96&d=mm&r=g\",\"contentUrl\":\"https:\/\/secure.gravatar.com\/avatar\/2efe197438265d1e90bd98c4c8e1acf8?s=96&d=mm&r=g\",\"caption\":\"Assessoria de Imprensa da PMPB\"},\"url\":\"https:\/\/www.pm.pb.gov.br\/portal\/author\/assessoria\/\"}]}<\/script>\n<!-- \/ Yoast SEO plugin. -->","yoast_head_json":{"title":"Homicida \u00e9 preso na praia Jacum\u00e3 - Pol\u00edcia Militar da Para\u00edba","robots":{"index":"index","follow":"follow","max-snippet":"max-snippet:-1","max-image-preview":"max-image-preview:large","max-video-preview":"max-video-preview:-1"},"canonical":"https:\/\/www.pm.pb.gov.br\/portal\/2012\/04\/11\/homicida_e_preso_na_praia_jacuma\/","og_locale":"pt_BR","og_type":"article","og_title":"Homicida \u00e9 preso na praia Jacum\u00e3 - Pol\u00edcia Militar da Para\u00edba","og_description":"No \u00faltimo s\u00e1bado dia 07, por volta das 07h30min, policiais militares da 3\u00aa Cia, mais precisamente do radiopatrulhamento da cidade","og_url":"https:\/\/www.pm.pb.gov.br\/portal\/2012\/04\/11\/homicida_e_preso_na_praia_jacuma\/","og_site_name":"Pol\u00edcia Militar da Para\u00edba","article_published_time":"2012-04-11T13:04:19+00:00","og_image":[{"width":620,"height":411,"url":"https:\/\/www.pm.pb.gov.br\/portal\/wp-content\/uploads\/2012\/04\/foto_brasao-17.jpg","type":"image\/jpeg"}],"author":"Assessoria de Imprensa da PMPB","twitter_card":"summary_large_image","twitter_misc":{"Escrito por":"Assessoria de Imprensa da PMPB","Est. tempo de leitura":"1 minuto"},"schema":{"@context":"https:\/\/schema.org","@graph":[{"@type":"Article","@id":"https:\/\/www.pm.pb.gov.br\/portal\/2012\/04\/11\/homicida_e_preso_na_praia_jacuma\/#article","isPartOf":{"@id":"https:\/\/www.pm.pb.gov.br\/portal\/2012\/04\/11\/homicida_e_preso_na_praia_jacuma\/"},"author":{"name":"Assessoria de Imprensa da PMPB","@id":"https:\/\/www.pm.pb.gov.br\/portal\/#\/schema\/person\/e8454f46651c3ecf0e1ba3c1666d9947"},"headline":"Homicida \u00e9 preso na praia Jacum\u00e3","datePublished":"2012-04-11T13:04:19+00:00","dateModified":"2012-04-11T13:04:19+00:00","mainEntityOfPage":{"@id":"https:\/\/www.pm.pb.gov.br\/portal\/2012\/04\/11\/homicida_e_preso_na_praia_jacuma\/"},"wordCount":219,"publisher":{"@id":"https:\/\/www.pm.pb.gov.br\/portal\/#organization"},"articleSection":["A\u00e7\u00f5es Policiais"],"inLanguage":"pt-BR"},{"@type":"WebPage","@id":"https:\/\/www.pm.pb.gov.br\/portal\/2012\/04\/11\/homicida_e_preso_na_praia_jacuma\/","url":"https:\/\/www.pm.pb.gov.br\/portal\/2012\/04\/11\/homicida_e_preso_na_praia_jacuma\/","name":"Homicida \u00e9 preso na praia Jacum\u00e3 - Pol\u00edcia Militar da Para\u00edba","isPartOf":{"@id":"https:\/\/www.pm.pb.gov.br\/portal\/#website"},"datePublished":"2012-04-11T13:04:19+00:00","dateModified":"2012-04-11T13:04:19+00:00","breadcrumb":{"@id":"https:\/\/www.pm.pb.gov.br\/portal\/2012\/04\/11\/homicida_e_preso_na_praia_jacuma\/#breadcrumb"},"inLanguage":"pt-BR","potentialAction":[{"@type":"ReadAction","target":["https:\/\/www.pm.pb.gov.br\/portal\/2012\/04\/11\/homicida_e_preso_na_praia_jacuma\/"]}]},{"@type":"BreadcrumbList","@id":"https:\/\/www.pm.pb.gov.br\/portal\/2012\/04\/11\/homicida_e_preso_na_praia_jacuma\/#breadcrumb","itemListElement":[{"@type":"ListItem","position":1,"name":"In\u00edcio","item":"https:\/\/www.pm.pb.gov.br\/portal\/"},{"@type":"ListItem","position":2,"name":"Homicida \u00e9 preso na praia Jacum\u00e3"}]},{"@type":"WebSite","@id":"https:\/\/www.pm.pb.gov.br\/portal\/#website","url":"https:\/\/www.pm.pb.gov.br\/portal\/","name":"Pol\u00edcia Militar da Para\u00edba","description":"","publisher":{"@id":"https:\/\/www.pm.pb.gov.br\/portal\/#organization"},"potentialAction":[{"@type":"SearchAction","target":{"@type":"EntryPoint","urlTemplate":"https:\/\/www.pm.pb.gov.br\/portal\/?s={search_term_string}"},"query-input":"required name=search_term_string"}],"inLanguage":"pt-BR"},{"@type":"Organization","@id":"https:\/\/www.pm.pb.gov.br\/portal\/#organization","name":"Pol\u00edcia Militar da Para\u00edba","url":"https:\/\/www.pm.pb.gov.br\/portal\/","logo":{"@type":"ImageObject","inLanguage":"pt-BR","@id":"https:\/\/www.pm.pb.gov.br\/portal\/#\/schema\/logo\/image\/","url":"https:\/\/www.pm.pb.gov.br\/portal\/wp-content\/uploads\/2025\/03\/cropped-logo-site-mag2-1.png","contentUrl":"https:\/\/www.pm.pb.gov.br\/portal\/wp-content\/uploads\/2025\/03\/cropped-logo-site-mag2-1.png","width":320,"height":90,"caption":"Pol\u00edcia Militar da Para\u00edba"},"image":{"@id":"https:\/\/www.pm.pb.gov.br\/portal\/#\/schema\/logo\/image\/"}},{"@type":"Person","@id":"https:\/\/www.pm.pb.gov.br\/portal\/#\/schema\/person\/e8454f46651c3ecf0e1ba3c1666d9947","name":"Assessoria de Imprensa da PMPB","image":{"@type":"ImageObject","inLanguage":"pt-BR","@id":"https:\/\/www.pm.pb.gov.br\/portal\/#\/schema\/person\/image\/","url":"https:\/\/secure.gravatar.com\/avatar\/2efe197438265d1e90bd98c4c8e1acf8?s=96&d=mm&r=g","contentUrl":"https:\/\/secure.gravatar.com\/avatar\/2efe197438265d1e90bd98c4c8e1acf8?s=96&d=mm&r=g","caption":"Assessoria de Imprensa da PMPB"},"url":"https:\/\/www.pm.pb.gov.br\/portal\/author\/assessoria\/"}]}},"_links":{"self":[{"href":"https:\/\/www.pm.pb.gov.br\/portal\/wp-json\/wp\/v2\/posts\/6413"}],"collection":[{"href":"https:\/\/www.pm.pb.gov.br\/portal\/wp-json\/wp\/v2\/posts"}],"about":[{"href":"https:\/\/www.pm.pb.gov.br\/portal\/wp-json\/wp\/v2\/types\/post"}],"author":[{"embeddable":true,"href":"https:\/\/www.pm.pb.gov.br\/portal\/wp-json\/wp\/v2\/users\/5"}],"replies":[{"embeddable":true,"href":"https:\/\/www.pm.pb.gov.br\/portal\/wp-json\/wp\/v2\/comments?post=6413"}],"version-history":[{"count":0,"href":"https:\/\/www.pm.pb.gov.br\/portal\/wp-json\/wp\/v2\/posts\/6413\/revisions"}],"wp:featuredmedia":[{"embeddable":true,"href":"https:\/\/www.pm.pb.gov.br\/portal\/wp-json\/wp\/v2\/media\/890701"}],"wp:attachment":[{"href":"https:\/\/www.pm.pb.gov.br\/portal\/wp-json\/wp\/v2\/media?parent=6413"}],"wp:term":[{"taxonomy":"category","embeddable":true,"href":"https:\/\/www.pm.pb.gov.br\/portal\/wp-json\/wp\/v2\/categories?post=6413"},{"taxonomy":"post_tag","embeddable":true,"href":"https:\/\/www.pm.pb.gov.br\/portal\/wp-json\/wp\/v2\/tags?post=6413"}],"curies":[{"name":"wp","href":"https:\/\/api.w.org\/{rel}","templated":true}]}}