{"id":4578,"date":"2010-05-11T10:05:59","date_gmt":"2010-05-11T13:05:59","guid":{"rendered":"http:\/\/www.pm.pb.gov.br\/portal\/2010\/05\/maes_sao_homenageadas_no_hospital_edson_ramalho\/"},"modified":"2010-05-11T10:05:59","modified_gmt":"2010-05-11T13:05:59","slug":"maes_sao_homenageadas_no_hospital_edson_ramalho","status":"publish","type":"post","link":"https:\/\/www.pm.pb.gov.br\/portal\/2010\/05\/11\/maes_sao_homenageadas_no_hospital_edson_ramalho\/","title":{"rendered":"M\u00e3es s\u00e3o homenageadas no Hospital Edson Ramalho"},"content":{"rendered":"<figure style=\"width: 500px\" class=\"wp-caption alignnone\"><img decoding=\"async\" class=\"alignnone size-medium\" src=\"http:\/\/www.pm.pb.gov.br\/portal\/wp-content\/uploads\/2010\/05\/4578_5351.jpg\" title=\"Funcion\u00e1rias do Edson Ramalho foram homenageadas\" width=\"100%\" \/><figcaption class=\"wp-caption-text\">Funcion\u00e1rias do Edson Ramalho foram homenageadas<\/figcaption><\/figure>\n<div style=\"text-align: justify;\">\n<p>        O Hospital da Pol\u00edcia Militar General Edson Ramalho, atrav\u00e9s do N\u00facleo de Humaniza\u00e7\u00e3o e do Servi\u00e7o Social, comemorou o Dia das M\u00e3es com distribui\u00e7\u00e3o de presentes para servidores e pacientes da institui\u00e7\u00e3o. Em seguida, numa grande confraterniza\u00e7\u00e3o foi realizado um almo\u00e7o especial no refeit\u00f3rio da unidade de sa\u00fade.<br \/>\nMais de 150 m\u00e3es foram homenageadas na manh\u00e3 deste domingo (9) com atividades que lembraram a data e a import\u00e2ncia da maternidade. O Grupo de Humaniza\u00e7\u00e3o distribuiu bolsas artesanais para as pacientes e bot\u00f5es de rosas para as servidoras.<br \/>\n         A diretora do hospital, coronel Em\u00edlia Farias, participou das comemora\u00e7\u00f5es e lembrou a import\u00e2ncia da maternidade. \u0093Devemos lembrar sempre com carinho daquela que nos gerou, educou e nos deu o dom da vida. Ser m\u00e3e \u00e9 uma grande d\u00e1diva de Deus. O Dia das M\u00e3es \u00e9 um grande momento de confraterniza\u00e7\u00e3o das fam\u00edlias, por isso resolvemos comemorar a data com os servidores e pacientes do hospital\u0094, comentou. <\/p>\n<div class=\"row\" align=\"center\"><a href=\"http:\/\/www.pm.pb.gov.br\/portal\/wp-content\/uploads\/2010\/05\/4578_5352.jpg\"><figure style=\"width: 500px\" class=\"wp-caption alignnone\"><img decoding=\"async\" class=\"image-responsive\" src=\"http:\/\/www.pm.pb.gov.br\/portal\/wp-content\/uploads\/2010\/05\/4578_5352.jpg\" title=\"M\u00e3es que deram a luz no Hospital tamb\u00e9m participaram das comemora\u00e7\u00f5es \" width=\"100%\" \/><figcaption class=\"wp-caption-text\">M\u00e3es que deram a luz no Hospital tamb\u00e9m participaram das comemora\u00e7\u00f5es<\/figcaption><\/figure><\/a><\/div>\n<\/div>\n","protected":false},"excerpt":{"rendered":"<p>O Hospital da Pol\u00edcia Militar General Edson Ramalho, atrav\u00e9s do N\u00facleo de Humaniza\u00e7\u00e3o e do Servi\u00e7o Social, comemorou o Dia<\/p>\n","protected":false},"author":5,"featured_media":5351,"comment_status":"closed","ping_status":"closed","sticky":false,"template":"","format":"standard","meta":{"_exactmetrics_skip_tracking":false,"_exactmetrics_sitenote_active":false,"_exactmetrics_sitenote_note":"","_exactmetrics_sitenote_category":0,"footnotes":""},"categories":[5],"tags":[],"yoast_head":"<!-- This site is optimized with the Yoast SEO plugin v22.0 - https:\/\/yoast.com\/wordpress\/plugins\/seo\/ -->\n<title>M\u00e3es s\u00e3o homenageadas no Hospital Edson Ramalho - Pol\u00edcia Militar da Para\u00edba<\/title>\n<meta name=\"robots\" content=\"index, follow, max-snippet:-1, max-image-preview:large, max-video-preview:-1\" \/>\n<link rel=\"canonical\" href=\"https:\/\/www.pm.pb.gov.br\/portal\/2010\/05\/11\/maes_sao_homenageadas_no_hospital_edson_ramalho\/\" \/>\n<meta property=\"og:locale\" content=\"pt_BR\" \/>\n<meta property=\"og:type\" content=\"article\" \/>\n<meta property=\"og:title\" content=\"M\u00e3es s\u00e3o homenageadas no Hospital Edson Ramalho - Pol\u00edcia Militar da Para\u00edba\" \/>\n<meta property=\"og:description\" content=\"O Hospital da Pol\u00edcia Militar General Edson Ramalho, atrav\u00e9s do N\u00facleo de Humaniza\u00e7\u00e3o e do Servi\u00e7o Social, comemorou o Dia\" \/>\n<meta property=\"og:url\" content=\"https:\/\/www.pm.pb.gov.br\/portal\/2010\/05\/11\/maes_sao_homenageadas_no_hospital_edson_ramalho\/\" \/>\n<meta property=\"og:site_name\" content=\"Pol\u00edcia Militar da Para\u00edba\" \/>\n<meta property=\"article:published_time\" content=\"2010-05-11T13:05:59+00:00\" \/>\n<meta property=\"og:image\" content=\"https:\/\/www.pm.pb.gov.br\/portal\/wp-content\/uploads\/2010\/05\/4578_5351.jpg\" \/>\n\t<meta property=\"og:image:width\" content=\"500\" \/>\n\t<meta property=\"og:image:height\" content=\"375\" \/>\n\t<meta property=\"og:image:type\" content=\"image\/jpeg\" \/>\n<meta name=\"author\" content=\"Assessoria de Imprensa da PMPB\" \/>\n<meta name=\"twitter:card\" content=\"summary_large_image\" \/>\n<meta name=\"twitter:label1\" content=\"Escrito por\" \/>\n\t<meta name=\"twitter:data1\" content=\"Assessoria de Imprensa da PMPB\" \/>\n\t<meta name=\"twitter:label2\" content=\"Est. tempo de leitura\" \/>\n\t<meta name=\"twitter:data2\" content=\"1 minuto\" \/>\n<script type=\"application\/ld+json\" class=\"yoast-schema-graph\">{\"@context\":\"https:\/\/schema.org\",\"@graph\":[{\"@type\":\"Article\",\"@id\":\"https:\/\/www.pm.pb.gov.br\/portal\/2010\/05\/11\/maes_sao_homenageadas_no_hospital_edson_ramalho\/#article\",\"isPartOf\":{\"@id\":\"https:\/\/www.pm.pb.gov.br\/portal\/2010\/05\/11\/maes_sao_homenageadas_no_hospital_edson_ramalho\/\"},\"author\":{\"name\":\"Assessoria de Imprensa da PMPB\",\"@id\":\"https:\/\/www.pm.pb.gov.br\/portal\/#\/schema\/person\/e8454f46651c3ecf0e1ba3c1666d9947\"},\"headline\":\"M\u00e3es s\u00e3o homenageadas no Hospital Edson Ramalho\",\"datePublished\":\"2010-05-11T13:05:59+00:00\",\"dateModified\":\"2010-05-11T13:05:59+00:00\",\"mainEntityOfPage\":{\"@id\":\"https:\/\/www.pm.pb.gov.br\/portal\/2010\/05\/11\/maes_sao_homenageadas_no_hospital_edson_ramalho\/\"},\"wordCount\":216,\"publisher\":{\"@id\":\"https:\/\/www.pm.pb.gov.br\/portal\/#organization\"},\"articleSection\":[\"Homenagens\"],\"inLanguage\":\"pt-BR\"},{\"@type\":\"WebPage\",\"@id\":\"https:\/\/www.pm.pb.gov.br\/portal\/2010\/05\/11\/maes_sao_homenageadas_no_hospital_edson_ramalho\/\",\"url\":\"https:\/\/www.pm.pb.gov.br\/portal\/2010\/05\/11\/maes_sao_homenageadas_no_hospital_edson_ramalho\/\",\"name\":\"M\u00e3es s\u00e3o homenageadas no Hospital Edson Ramalho - Pol\u00edcia Militar da Para\u00edba\",\"isPartOf\":{\"@id\":\"https:\/\/www.pm.pb.gov.br\/portal\/#website\"},\"datePublished\":\"2010-05-11T13:05:59+00:00\",\"dateModified\":\"2010-05-11T13:05:59+00:00\",\"breadcrumb\":{\"@id\":\"https:\/\/www.pm.pb.gov.br\/portal\/2010\/05\/11\/maes_sao_homenageadas_no_hospital_edson_ramalho\/#breadcrumb\"},\"inLanguage\":\"pt-BR\",\"potentialAction\":[{\"@type\":\"ReadAction\",\"target\":[\"https:\/\/www.pm.pb.gov.br\/portal\/2010\/05\/11\/maes_sao_homenageadas_no_hospital_edson_ramalho\/\"]}]},{\"@type\":\"BreadcrumbList\",\"@id\":\"https:\/\/www.pm.pb.gov.br\/portal\/2010\/05\/11\/maes_sao_homenageadas_no_hospital_edson_ramalho\/#breadcrumb\",\"itemListElement\":[{\"@type\":\"ListItem\",\"position\":1,\"name\":\"In\u00edcio\",\"item\":\"https:\/\/www.pm.pb.gov.br\/portal\/\"},{\"@type\":\"ListItem\",\"position\":2,\"name\":\"M\u00e3es s\u00e3o homenageadas no Hospital Edson Ramalho\"}]},{\"@type\":\"WebSite\",\"@id\":\"https:\/\/www.pm.pb.gov.br\/portal\/#website\",\"url\":\"https:\/\/www.pm.pb.gov.br\/portal\/\",\"name\":\"Pol\u00edcia Militar da Para\u00edba\",\"description\":\"\",\"publisher\":{\"@id\":\"https:\/\/www.pm.pb.gov.br\/portal\/#organization\"},\"potentialAction\":[{\"@type\":\"SearchAction\",\"target\":{\"@type\":\"EntryPoint\",\"urlTemplate\":\"https:\/\/www.pm.pb.gov.br\/portal\/?s={search_term_string}\"},\"query-input\":\"required name=search_term_string\"}],\"inLanguage\":\"pt-BR\"},{\"@type\":\"Organization\",\"@id\":\"https:\/\/www.pm.pb.gov.br\/portal\/#organization\",\"name\":\"Pol\u00edcia Militar da Para\u00edba\",\"url\":\"https:\/\/www.pm.pb.gov.br\/portal\/\",\"logo\":{\"@type\":\"ImageObject\",\"inLanguage\":\"pt-BR\",\"@id\":\"https:\/\/www.pm.pb.gov.br\/portal\/#\/schema\/logo\/image\/\",\"url\":\"https:\/\/www.pm.pb.gov.br\/portal\/wp-content\/uploads\/2025\/03\/cropped-logo-site-mag2-1.png\",\"contentUrl\":\"https:\/\/www.pm.pb.gov.br\/portal\/wp-content\/uploads\/2025\/03\/cropped-logo-site-mag2-1.png\",\"width\":320,\"height\":90,\"caption\":\"Pol\u00edcia Militar da Para\u00edba\"},\"image\":{\"@id\":\"https:\/\/www.pm.pb.gov.br\/portal\/#\/schema\/logo\/image\/\"}},{\"@type\":\"Person\",\"@id\":\"https:\/\/www.pm.pb.gov.br\/portal\/#\/schema\/person\/e8454f46651c3ecf0e1ba3c1666d9947\",\"name\":\"Assessoria de Imprensa da PMPB\",\"image\":{\"@type\":\"ImageObject\",\"inLanguage\":\"pt-BR\",\"@id\":\"https:\/\/www.pm.pb.gov.br\/portal\/#\/schema\/person\/image\/\",\"url\":\"https:\/\/secure.gravatar.com\/avatar\/2efe197438265d1e90bd98c4c8e1acf8?s=96&d=mm&r=g\",\"contentUrl\":\"https:\/\/secure.gravatar.com\/avatar\/2efe197438265d1e90bd98c4c8e1acf8?s=96&d=mm&r=g\",\"caption\":\"Assessoria de Imprensa da PMPB\"},\"url\":\"https:\/\/www.pm.pb.gov.br\/portal\/author\/assessoria\/\"}]}<\/script>\n<!-- \/ Yoast SEO plugin. -->","yoast_head_json":{"title":"M\u00e3es s\u00e3o homenageadas no Hospital Edson Ramalho - Pol\u00edcia Militar da Para\u00edba","robots":{"index":"index","follow":"follow","max-snippet":"max-snippet:-1","max-image-preview":"max-image-preview:large","max-video-preview":"max-video-preview:-1"},"canonical":"https:\/\/www.pm.pb.gov.br\/portal\/2010\/05\/11\/maes_sao_homenageadas_no_hospital_edson_ramalho\/","og_locale":"pt_BR","og_type":"article","og_title":"M\u00e3es s\u00e3o homenageadas no Hospital Edson Ramalho - Pol\u00edcia Militar da Para\u00edba","og_description":"O Hospital da Pol\u00edcia Militar General Edson Ramalho, atrav\u00e9s do N\u00facleo de Humaniza\u00e7\u00e3o e do Servi\u00e7o Social, comemorou o Dia","og_url":"https:\/\/www.pm.pb.gov.br\/portal\/2010\/05\/11\/maes_sao_homenageadas_no_hospital_edson_ramalho\/","og_site_name":"Pol\u00edcia Militar da Para\u00edba","article_published_time":"2010-05-11T13:05:59+00:00","og_image":[{"width":500,"height":375,"url":"https:\/\/www.pm.pb.gov.br\/portal\/wp-content\/uploads\/2010\/05\/4578_5351.jpg","type":"image\/jpeg"}],"author":"Assessoria de Imprensa da PMPB","twitter_card":"summary_large_image","twitter_misc":{"Escrito por":"Assessoria de Imprensa da PMPB","Est. tempo de leitura":"1 minuto"},"schema":{"@context":"https:\/\/schema.org","@graph":[{"@type":"Article","@id":"https:\/\/www.pm.pb.gov.br\/portal\/2010\/05\/11\/maes_sao_homenageadas_no_hospital_edson_ramalho\/#article","isPartOf":{"@id":"https:\/\/www.pm.pb.gov.br\/portal\/2010\/05\/11\/maes_sao_homenageadas_no_hospital_edson_ramalho\/"},"author":{"name":"Assessoria de Imprensa da PMPB","@id":"https:\/\/www.pm.pb.gov.br\/portal\/#\/schema\/person\/e8454f46651c3ecf0e1ba3c1666d9947"},"headline":"M\u00e3es s\u00e3o homenageadas no Hospital Edson Ramalho","datePublished":"2010-05-11T13:05:59+00:00","dateModified":"2010-05-11T13:05:59+00:00","mainEntityOfPage":{"@id":"https:\/\/www.pm.pb.gov.br\/portal\/2010\/05\/11\/maes_sao_homenageadas_no_hospital_edson_ramalho\/"},"wordCount":216,"publisher":{"@id":"https:\/\/www.pm.pb.gov.br\/portal\/#organization"},"articleSection":["Homenagens"],"inLanguage":"pt-BR"},{"@type":"WebPage","@id":"https:\/\/www.pm.pb.gov.br\/portal\/2010\/05\/11\/maes_sao_homenageadas_no_hospital_edson_ramalho\/","url":"https:\/\/www.pm.pb.gov.br\/portal\/2010\/05\/11\/maes_sao_homenageadas_no_hospital_edson_ramalho\/","name":"M\u00e3es s\u00e3o homenageadas no Hospital Edson Ramalho - Pol\u00edcia Militar da Para\u00edba","isPartOf":{"@id":"https:\/\/www.pm.pb.gov.br\/portal\/#website"},"datePublished":"2010-05-11T13:05:59+00:00","dateModified":"2010-05-11T13:05:59+00:00","breadcrumb":{"@id":"https:\/\/www.pm.pb.gov.br\/portal\/2010\/05\/11\/maes_sao_homenageadas_no_hospital_edson_ramalho\/#breadcrumb"},"inLanguage":"pt-BR","potentialAction":[{"@type":"ReadAction","target":["https:\/\/www.pm.pb.gov.br\/portal\/2010\/05\/11\/maes_sao_homenageadas_no_hospital_edson_ramalho\/"]}]},{"@type":"BreadcrumbList","@id":"https:\/\/www.pm.pb.gov.br\/portal\/2010\/05\/11\/maes_sao_homenageadas_no_hospital_edson_ramalho\/#breadcrumb","itemListElement":[{"@type":"ListItem","position":1,"name":"In\u00edcio","item":"https:\/\/www.pm.pb.gov.br\/portal\/"},{"@type":"ListItem","position":2,"name":"M\u00e3es s\u00e3o homenageadas no Hospital Edson Ramalho"}]},{"@type":"WebSite","@id":"https:\/\/www.pm.pb.gov.br\/portal\/#website","url":"https:\/\/www.pm.pb.gov.br\/portal\/","name":"Pol\u00edcia Militar da Para\u00edba","description":"","publisher":{"@id":"https:\/\/www.pm.pb.gov.br\/portal\/#organization"},"potentialAction":[{"@type":"SearchAction","target":{"@type":"EntryPoint","urlTemplate":"https:\/\/www.pm.pb.gov.br\/portal\/?s={search_term_string}"},"query-input":"required name=search_term_string"}],"inLanguage":"pt-BR"},{"@type":"Organization","@id":"https:\/\/www.pm.pb.gov.br\/portal\/#organization","name":"Pol\u00edcia Militar da Para\u00edba","url":"https:\/\/www.pm.pb.gov.br\/portal\/","logo":{"@type":"ImageObject","inLanguage":"pt-BR","@id":"https:\/\/www.pm.pb.gov.br\/portal\/#\/schema\/logo\/image\/","url":"https:\/\/www.pm.pb.gov.br\/portal\/wp-content\/uploads\/2025\/03\/cropped-logo-site-mag2-1.png","contentUrl":"https:\/\/www.pm.pb.gov.br\/portal\/wp-content\/uploads\/2025\/03\/cropped-logo-site-mag2-1.png","width":320,"height":90,"caption":"Pol\u00edcia Militar da Para\u00edba"},"image":{"@id":"https:\/\/www.pm.pb.gov.br\/portal\/#\/schema\/logo\/image\/"}},{"@type":"Person","@id":"https:\/\/www.pm.pb.gov.br\/portal\/#\/schema\/person\/e8454f46651c3ecf0e1ba3c1666d9947","name":"Assessoria de Imprensa da PMPB","image":{"@type":"ImageObject","inLanguage":"pt-BR","@id":"https:\/\/www.pm.pb.gov.br\/portal\/#\/schema\/person\/image\/","url":"https:\/\/secure.gravatar.com\/avatar\/2efe197438265d1e90bd98c4c8e1acf8?s=96&d=mm&r=g","contentUrl":"https:\/\/secure.gravatar.com\/avatar\/2efe197438265d1e90bd98c4c8e1acf8?s=96&d=mm&r=g","caption":"Assessoria de Imprensa da PMPB"},"url":"https:\/\/www.pm.pb.gov.br\/portal\/author\/assessoria\/"}]}},"_links":{"self":[{"href":"https:\/\/www.pm.pb.gov.br\/portal\/wp-json\/wp\/v2\/posts\/4578"}],"collection":[{"href":"https:\/\/www.pm.pb.gov.br\/portal\/wp-json\/wp\/v2\/posts"}],"about":[{"href":"https:\/\/www.pm.pb.gov.br\/portal\/wp-json\/wp\/v2\/types\/post"}],"author":[{"embeddable":true,"href":"https:\/\/www.pm.pb.gov.br\/portal\/wp-json\/wp\/v2\/users\/5"}],"replies":[{"embeddable":true,"href":"https:\/\/www.pm.pb.gov.br\/portal\/wp-json\/wp\/v2\/comments?post=4578"}],"version-history":[{"count":0,"href":"https:\/\/www.pm.pb.gov.br\/portal\/wp-json\/wp\/v2\/posts\/4578\/revisions"}],"wp:featuredmedia":[{"embeddable":true,"href":"https:\/\/www.pm.pb.gov.br\/portal\/wp-json\/wp\/v2\/media\/5351"}],"wp:attachment":[{"href":"https:\/\/www.pm.pb.gov.br\/portal\/wp-json\/wp\/v2\/media?parent=4578"}],"wp:term":[{"taxonomy":"category","embeddable":true,"href":"https:\/\/www.pm.pb.gov.br\/portal\/wp-json\/wp\/v2\/categories?post=4578"},{"taxonomy":"post_tag","embeddable":true,"href":"https:\/\/www.pm.pb.gov.br\/portal\/wp-json\/wp\/v2\/tags?post=4578"}],"curies":[{"name":"wp","href":"https:\/\/api.w.org\/{rel}","templated":true}]}}