{"id":4418,"date":"2010-02-24T11:02:18","date_gmt":"2010-02-24T14:02:18","guid":{"rendered":"http:\/\/www.pm.pb.gov.br\/portal\/2010\/02\/comandante_geral_parabeniza_recem_promovidos_na_dal\/"},"modified":"2010-02-24T11:02:18","modified_gmt":"2010-02-24T14:02:18","slug":"comandante_geral_parabeniza_recem_promovidos_na_dal","status":"publish","type":"post","link":"https:\/\/www.pm.pb.gov.br\/portal\/2010\/02\/24\/comandante_geral_parabeniza_recem_promovidos_na_dal\/","title":{"rendered":"Comandante geral parabeniza rec\u00e9m promovidos na DAL"},"content":{"rendered":"<figure style=\"width: 500px\" class=\"wp-caption alignnone\"><img decoding=\"async\" class=\"alignnone size-medium\" src=\"http:\/\/www.pm.pb.gov.br\/portal\/wp-content\/uploads\/2010\/02\/4418_5044.jpg\" title=\"Rec\u00e9m promovidos s\u00e3o homenageados na DAL\" width=\"100%\" \/><figcaption class=\"wp-caption-text\">Rec\u00e9m promovidos s\u00e3o homenageados na DAL<\/figcaption><\/figure>\n<div style=\"text-align: justify;\">\n<p>\tO comandante geral da Pol\u00edcia Militar da Para\u00edba, coronel Wilde de Oliveira Monteiro, presidiu na manh\u00e3 desta quarta-feira, dia 24, na Diretoria de Apoio Log\u00edstico-DAL, uma solenidade para parabenizar os rec\u00e9m promovidos do Curso de Habilita\u00e7\u00e3o de Cabos e Sargentos.<br \/>\n\tNo mesmo ato tamb\u00e9m foi homenageado os policiais militares que foram para a reserva remunerada. Na reuni\u00e3o o coronel Monteiro agradeceu a todos pelo profissionalismo praticado naquela unidade militar, que tem como objetivo fundamental dar suporte a todos os trabalhos realizados pela Corpora\u00e7\u00e3o.<br \/>\n\tEle ainda lembrou o esfor\u00e7o de todos para elevar o nome da Corpora\u00e7\u00e3o, e afirmou que os policiais militares devem se orgulhar da Corpora\u00e7\u00e3o, que durante 178 anos vem prestando servi\u00e7os imprescind\u00edveis a toda sociedade paraibana.<br \/>\n\tJ\u00e1 o coronel Gomes-comandante da Diretoria de Apoio Log\u00edstico- destacou o trabalho incans\u00e1vel dos policiais militares que fazem aquela unidade, bem como parabenizou os rec\u00e9m promovidos e desejou sucesso ao PMs que est\u00e3o indo para a inatividade.<\/p>\n<div class=\"row\" align=\"center\"><a href=\"http:\/\/www.pm.pb.gov.br\/exportacao\/fotos_noticias\/4418_5045.jpg\"><figure style=\"width: 500px\" class=\"wp-caption alignnone\"><img decoding=\"async\" class=\"image-responsive\" src=\"http:\/\/www.pm.pb.gov.br\/exportacao\/fotos_noticias\/4418_5045.jpg\" title=\"Turma do Curso de Habilita\u00e7\u00e3o de Sargentos e Cabos\" width=\"100%\" \/><figcaption class=\"wp-caption-text\">Turma do Curso de Habilita\u00e7\u00e3o de Sargentos e Cabos<\/figcaption><\/figure><\/a><a href=\"http:\/\/www.pm.pb.gov.br\/exportacao\/fotos_noticias\/4418_5046.jpg\"><figure style=\"width: 500px\" class=\"wp-caption alignnone\"><img decoding=\"async\" class=\"image-responsive\" src=\"http:\/\/www.pm.pb.gov.br\/exportacao\/fotos_noticias\/4418_5046.jpg\" title=\"Coronel Monteiro entrega diploma ao sargento Edvaldo Gomes \" width=\"100%\" \/><figcaption class=\"wp-caption-text\">Coronel Monteiro entrega diploma ao sargento Edvaldo Gomes<\/figcaption><\/figure><\/a><a href=\"http:\/\/www.pm.pb.gov.br\/exportacao\/fotos_noticias\/4418_5047.jpg\"><figure style=\"width: 500px\" class=\"wp-caption alignnone\"><img decoding=\"async\" class=\"image-responsive\" src=\"http:\/\/www.pm.pb.gov.br\/exportacao\/fotos_noticias\/4418_5047.jpg\" title=\"Coronel Gomes entrega diploma a rec\u00e9m promovido\" width=\"100%\" \/><figcaption class=\"wp-caption-text\">Coronel Gomes entrega diploma a rec\u00e9m promovido<\/figcaption><\/figure><\/a><a href=\"http:\/\/www.pm.pb.gov.br\/portal\/wp-content\/uploads\/2010\/02\/4418_5048.jpg\"><figure style=\"width: 500px\" class=\"wp-caption alignnone\"><img decoding=\"async\" class=\"image-responsive\" src=\"http:\/\/www.pm.pb.gov.br\/portal\/wp-content\/uploads\/2010\/02\/4418_5048.jpg\" title=\"Coronel Monteiro discursa para os presentes\" width=\"100%\" \/><figcaption class=\"wp-caption-text\">Coronel Monteiro discursa para os presentes<\/figcaption><\/figure><\/a><\/div>\n<\/div>\n","protected":false},"excerpt":{"rendered":"<p>O comandante geral da Pol\u00edcia Militar da Para\u00edba, coronel Wilde de Oliveira Monteiro, presidiu na manh\u00e3 desta quarta-feira, dia 24,<\/p>\n","protected":false},"author":5,"featured_media":5044,"comment_status":"closed","ping_status":"closed","sticky":false,"template":"","format":"standard","meta":{"_exactmetrics_skip_tracking":false,"_exactmetrics_sitenote_active":false,"_exactmetrics_sitenote_note":"","_exactmetrics_sitenote_category":0,"footnotes":""},"categories":[5],"tags":[],"yoast_head":"<!-- This site is optimized with the Yoast SEO plugin v22.0 - https:\/\/yoast.com\/wordpress\/plugins\/seo\/ -->\n<title>Comandante geral parabeniza rec\u00e9m promovidos na DAL - Pol\u00edcia Militar da Para\u00edba<\/title>\n<meta name=\"robots\" content=\"index, follow, max-snippet:-1, max-image-preview:large, max-video-preview:-1\" \/>\n<link rel=\"canonical\" href=\"https:\/\/www.pm.pb.gov.br\/portal\/2010\/02\/24\/comandante_geral_parabeniza_recem_promovidos_na_dal\/\" \/>\n<meta property=\"og:locale\" content=\"pt_BR\" \/>\n<meta property=\"og:type\" content=\"article\" \/>\n<meta property=\"og:title\" content=\"Comandante geral parabeniza rec\u00e9m promovidos na DAL - Pol\u00edcia Militar da Para\u00edba\" \/>\n<meta property=\"og:description\" content=\"O comandante geral da Pol\u00edcia Militar da Para\u00edba, coronel Wilde de Oliveira Monteiro, presidiu na manh\u00e3 desta quarta-feira, dia 24,\" \/>\n<meta property=\"og:url\" content=\"https:\/\/www.pm.pb.gov.br\/portal\/2010\/02\/24\/comandante_geral_parabeniza_recem_promovidos_na_dal\/\" \/>\n<meta property=\"og:site_name\" content=\"Pol\u00edcia Militar da Para\u00edba\" \/>\n<meta property=\"article:published_time\" content=\"2010-02-24T14:02:18+00:00\" \/>\n<meta property=\"og:image\" content=\"https:\/\/www.pm.pb.gov.br\/portal\/wp-content\/uploads\/2010\/02\/4418_5044.jpg\" \/>\n\t<meta property=\"og:image:width\" content=\"500\" \/>\n\t<meta property=\"og:image:height\" content=\"332\" \/>\n\t<meta property=\"og:image:type\" content=\"image\/jpeg\" \/>\n<meta name=\"author\" content=\"Assessoria de Imprensa da PMPB\" \/>\n<meta name=\"twitter:card\" content=\"summary_large_image\" \/>\n<meta name=\"twitter:label1\" content=\"Escrito por\" \/>\n\t<meta name=\"twitter:data1\" content=\"Assessoria de Imprensa da PMPB\" \/>\n\t<meta name=\"twitter:label2\" content=\"Est. tempo de leitura\" \/>\n\t<meta name=\"twitter:data2\" content=\"1 minuto\" \/>\n<script type=\"application\/ld+json\" class=\"yoast-schema-graph\">{\"@context\":\"https:\/\/schema.org\",\"@graph\":[{\"@type\":\"Article\",\"@id\":\"https:\/\/www.pm.pb.gov.br\/portal\/2010\/02\/24\/comandante_geral_parabeniza_recem_promovidos_na_dal\/#article\",\"isPartOf\":{\"@id\":\"https:\/\/www.pm.pb.gov.br\/portal\/2010\/02\/24\/comandante_geral_parabeniza_recem_promovidos_na_dal\/\"},\"author\":{\"name\":\"Assessoria de Imprensa da PMPB\",\"@id\":\"https:\/\/www.pm.pb.gov.br\/portal\/#\/schema\/person\/e8454f46651c3ecf0e1ba3c1666d9947\"},\"headline\":\"Comandante geral parabeniza rec\u00e9m promovidos na DAL\",\"datePublished\":\"2010-02-24T14:02:18+00:00\",\"dateModified\":\"2010-02-24T14:02:18+00:00\",\"mainEntityOfPage\":{\"@id\":\"https:\/\/www.pm.pb.gov.br\/portal\/2010\/02\/24\/comandante_geral_parabeniza_recem_promovidos_na_dal\/\"},\"wordCount\":249,\"publisher\":{\"@id\":\"https:\/\/www.pm.pb.gov.br\/portal\/#organization\"},\"articleSection\":[\"Homenagens\"],\"inLanguage\":\"pt-BR\"},{\"@type\":\"WebPage\",\"@id\":\"https:\/\/www.pm.pb.gov.br\/portal\/2010\/02\/24\/comandante_geral_parabeniza_recem_promovidos_na_dal\/\",\"url\":\"https:\/\/www.pm.pb.gov.br\/portal\/2010\/02\/24\/comandante_geral_parabeniza_recem_promovidos_na_dal\/\",\"name\":\"Comandante geral parabeniza rec\u00e9m promovidos na DAL - Pol\u00edcia Militar da Para\u00edba\",\"isPartOf\":{\"@id\":\"https:\/\/www.pm.pb.gov.br\/portal\/#website\"},\"datePublished\":\"2010-02-24T14:02:18+00:00\",\"dateModified\":\"2010-02-24T14:02:18+00:00\",\"breadcrumb\":{\"@id\":\"https:\/\/www.pm.pb.gov.br\/portal\/2010\/02\/24\/comandante_geral_parabeniza_recem_promovidos_na_dal\/#breadcrumb\"},\"inLanguage\":\"pt-BR\",\"potentialAction\":[{\"@type\":\"ReadAction\",\"target\":[\"https:\/\/www.pm.pb.gov.br\/portal\/2010\/02\/24\/comandante_geral_parabeniza_recem_promovidos_na_dal\/\"]}]},{\"@type\":\"BreadcrumbList\",\"@id\":\"https:\/\/www.pm.pb.gov.br\/portal\/2010\/02\/24\/comandante_geral_parabeniza_recem_promovidos_na_dal\/#breadcrumb\",\"itemListElement\":[{\"@type\":\"ListItem\",\"position\":1,\"name\":\"In\u00edcio\",\"item\":\"https:\/\/www.pm.pb.gov.br\/portal\/\"},{\"@type\":\"ListItem\",\"position\":2,\"name\":\"Comandante geral parabeniza rec\u00e9m promovidos na DAL\"}]},{\"@type\":\"WebSite\",\"@id\":\"https:\/\/www.pm.pb.gov.br\/portal\/#website\",\"url\":\"https:\/\/www.pm.pb.gov.br\/portal\/\",\"name\":\"Pol\u00edcia Militar da Para\u00edba\",\"description\":\"\",\"publisher\":{\"@id\":\"https:\/\/www.pm.pb.gov.br\/portal\/#organization\"},\"potentialAction\":[{\"@type\":\"SearchAction\",\"target\":{\"@type\":\"EntryPoint\",\"urlTemplate\":\"https:\/\/www.pm.pb.gov.br\/portal\/?s={search_term_string}\"},\"query-input\":\"required name=search_term_string\"}],\"inLanguage\":\"pt-BR\"},{\"@type\":\"Organization\",\"@id\":\"https:\/\/www.pm.pb.gov.br\/portal\/#organization\",\"name\":\"Pol\u00edcia Militar da Para\u00edba\",\"url\":\"https:\/\/www.pm.pb.gov.br\/portal\/\",\"logo\":{\"@type\":\"ImageObject\",\"inLanguage\":\"pt-BR\",\"@id\":\"https:\/\/www.pm.pb.gov.br\/portal\/#\/schema\/logo\/image\/\",\"url\":\"https:\/\/www.pm.pb.gov.br\/portal\/wp-content\/uploads\/2025\/03\/cropped-logo-site-mag2-1.png\",\"contentUrl\":\"https:\/\/www.pm.pb.gov.br\/portal\/wp-content\/uploads\/2025\/03\/cropped-logo-site-mag2-1.png\",\"width\":320,\"height\":90,\"caption\":\"Pol\u00edcia Militar da Para\u00edba\"},\"image\":{\"@id\":\"https:\/\/www.pm.pb.gov.br\/portal\/#\/schema\/logo\/image\/\"}},{\"@type\":\"Person\",\"@id\":\"https:\/\/www.pm.pb.gov.br\/portal\/#\/schema\/person\/e8454f46651c3ecf0e1ba3c1666d9947\",\"name\":\"Assessoria de Imprensa da PMPB\",\"image\":{\"@type\":\"ImageObject\",\"inLanguage\":\"pt-BR\",\"@id\":\"https:\/\/www.pm.pb.gov.br\/portal\/#\/schema\/person\/image\/\",\"url\":\"https:\/\/secure.gravatar.com\/avatar\/2efe197438265d1e90bd98c4c8e1acf8?s=96&d=mm&r=g\",\"contentUrl\":\"https:\/\/secure.gravatar.com\/avatar\/2efe197438265d1e90bd98c4c8e1acf8?s=96&d=mm&r=g\",\"caption\":\"Assessoria de Imprensa da PMPB\"},\"url\":\"https:\/\/www.pm.pb.gov.br\/portal\/author\/assessoria\/\"}]}<\/script>\n<!-- \/ Yoast SEO plugin. -->","yoast_head_json":{"title":"Comandante geral parabeniza rec\u00e9m promovidos na DAL - Pol\u00edcia Militar da Para\u00edba","robots":{"index":"index","follow":"follow","max-snippet":"max-snippet:-1","max-image-preview":"max-image-preview:large","max-video-preview":"max-video-preview:-1"},"canonical":"https:\/\/www.pm.pb.gov.br\/portal\/2010\/02\/24\/comandante_geral_parabeniza_recem_promovidos_na_dal\/","og_locale":"pt_BR","og_type":"article","og_title":"Comandante geral parabeniza rec\u00e9m promovidos na DAL - Pol\u00edcia Militar da Para\u00edba","og_description":"O comandante geral da Pol\u00edcia Militar da Para\u00edba, coronel Wilde de Oliveira Monteiro, presidiu na manh\u00e3 desta quarta-feira, dia 24,","og_url":"https:\/\/www.pm.pb.gov.br\/portal\/2010\/02\/24\/comandante_geral_parabeniza_recem_promovidos_na_dal\/","og_site_name":"Pol\u00edcia Militar da Para\u00edba","article_published_time":"2010-02-24T14:02:18+00:00","og_image":[{"width":500,"height":332,"url":"https:\/\/www.pm.pb.gov.br\/portal\/wp-content\/uploads\/2010\/02\/4418_5044.jpg","type":"image\/jpeg"}],"author":"Assessoria de Imprensa da PMPB","twitter_card":"summary_large_image","twitter_misc":{"Escrito por":"Assessoria de Imprensa da PMPB","Est. tempo de leitura":"1 minuto"},"schema":{"@context":"https:\/\/schema.org","@graph":[{"@type":"Article","@id":"https:\/\/www.pm.pb.gov.br\/portal\/2010\/02\/24\/comandante_geral_parabeniza_recem_promovidos_na_dal\/#article","isPartOf":{"@id":"https:\/\/www.pm.pb.gov.br\/portal\/2010\/02\/24\/comandante_geral_parabeniza_recem_promovidos_na_dal\/"},"author":{"name":"Assessoria de Imprensa da PMPB","@id":"https:\/\/www.pm.pb.gov.br\/portal\/#\/schema\/person\/e8454f46651c3ecf0e1ba3c1666d9947"},"headline":"Comandante geral parabeniza rec\u00e9m promovidos na DAL","datePublished":"2010-02-24T14:02:18+00:00","dateModified":"2010-02-24T14:02:18+00:00","mainEntityOfPage":{"@id":"https:\/\/www.pm.pb.gov.br\/portal\/2010\/02\/24\/comandante_geral_parabeniza_recem_promovidos_na_dal\/"},"wordCount":249,"publisher":{"@id":"https:\/\/www.pm.pb.gov.br\/portal\/#organization"},"articleSection":["Homenagens"],"inLanguage":"pt-BR"},{"@type":"WebPage","@id":"https:\/\/www.pm.pb.gov.br\/portal\/2010\/02\/24\/comandante_geral_parabeniza_recem_promovidos_na_dal\/","url":"https:\/\/www.pm.pb.gov.br\/portal\/2010\/02\/24\/comandante_geral_parabeniza_recem_promovidos_na_dal\/","name":"Comandante geral parabeniza rec\u00e9m promovidos na DAL - Pol\u00edcia Militar da Para\u00edba","isPartOf":{"@id":"https:\/\/www.pm.pb.gov.br\/portal\/#website"},"datePublished":"2010-02-24T14:02:18+00:00","dateModified":"2010-02-24T14:02:18+00:00","breadcrumb":{"@id":"https:\/\/www.pm.pb.gov.br\/portal\/2010\/02\/24\/comandante_geral_parabeniza_recem_promovidos_na_dal\/#breadcrumb"},"inLanguage":"pt-BR","potentialAction":[{"@type":"ReadAction","target":["https:\/\/www.pm.pb.gov.br\/portal\/2010\/02\/24\/comandante_geral_parabeniza_recem_promovidos_na_dal\/"]}]},{"@type":"BreadcrumbList","@id":"https:\/\/www.pm.pb.gov.br\/portal\/2010\/02\/24\/comandante_geral_parabeniza_recem_promovidos_na_dal\/#breadcrumb","itemListElement":[{"@type":"ListItem","position":1,"name":"In\u00edcio","item":"https:\/\/www.pm.pb.gov.br\/portal\/"},{"@type":"ListItem","position":2,"name":"Comandante geral parabeniza rec\u00e9m promovidos na DAL"}]},{"@type":"WebSite","@id":"https:\/\/www.pm.pb.gov.br\/portal\/#website","url":"https:\/\/www.pm.pb.gov.br\/portal\/","name":"Pol\u00edcia Militar da Para\u00edba","description":"","publisher":{"@id":"https:\/\/www.pm.pb.gov.br\/portal\/#organization"},"potentialAction":[{"@type":"SearchAction","target":{"@type":"EntryPoint","urlTemplate":"https:\/\/www.pm.pb.gov.br\/portal\/?s={search_term_string}"},"query-input":"required name=search_term_string"}],"inLanguage":"pt-BR"},{"@type":"Organization","@id":"https:\/\/www.pm.pb.gov.br\/portal\/#organization","name":"Pol\u00edcia Militar da Para\u00edba","url":"https:\/\/www.pm.pb.gov.br\/portal\/","logo":{"@type":"ImageObject","inLanguage":"pt-BR","@id":"https:\/\/www.pm.pb.gov.br\/portal\/#\/schema\/logo\/image\/","url":"https:\/\/www.pm.pb.gov.br\/portal\/wp-content\/uploads\/2025\/03\/cropped-logo-site-mag2-1.png","contentUrl":"https:\/\/www.pm.pb.gov.br\/portal\/wp-content\/uploads\/2025\/03\/cropped-logo-site-mag2-1.png","width":320,"height":90,"caption":"Pol\u00edcia Militar da Para\u00edba"},"image":{"@id":"https:\/\/www.pm.pb.gov.br\/portal\/#\/schema\/logo\/image\/"}},{"@type":"Person","@id":"https:\/\/www.pm.pb.gov.br\/portal\/#\/schema\/person\/e8454f46651c3ecf0e1ba3c1666d9947","name":"Assessoria de Imprensa da PMPB","image":{"@type":"ImageObject","inLanguage":"pt-BR","@id":"https:\/\/www.pm.pb.gov.br\/portal\/#\/schema\/person\/image\/","url":"https:\/\/secure.gravatar.com\/avatar\/2efe197438265d1e90bd98c4c8e1acf8?s=96&d=mm&r=g","contentUrl":"https:\/\/secure.gravatar.com\/avatar\/2efe197438265d1e90bd98c4c8e1acf8?s=96&d=mm&r=g","caption":"Assessoria de Imprensa da PMPB"},"url":"https:\/\/www.pm.pb.gov.br\/portal\/author\/assessoria\/"}]}},"_links":{"self":[{"href":"https:\/\/www.pm.pb.gov.br\/portal\/wp-json\/wp\/v2\/posts\/4418"}],"collection":[{"href":"https:\/\/www.pm.pb.gov.br\/portal\/wp-json\/wp\/v2\/posts"}],"about":[{"href":"https:\/\/www.pm.pb.gov.br\/portal\/wp-json\/wp\/v2\/types\/post"}],"author":[{"embeddable":true,"href":"https:\/\/www.pm.pb.gov.br\/portal\/wp-json\/wp\/v2\/users\/5"}],"replies":[{"embeddable":true,"href":"https:\/\/www.pm.pb.gov.br\/portal\/wp-json\/wp\/v2\/comments?post=4418"}],"version-history":[{"count":0,"href":"https:\/\/www.pm.pb.gov.br\/portal\/wp-json\/wp\/v2\/posts\/4418\/revisions"}],"wp:featuredmedia":[{"embeddable":true,"href":"https:\/\/www.pm.pb.gov.br\/portal\/wp-json\/wp\/v2\/media\/5044"}],"wp:attachment":[{"href":"https:\/\/www.pm.pb.gov.br\/portal\/wp-json\/wp\/v2\/media?parent=4418"}],"wp:term":[{"taxonomy":"category","embeddable":true,"href":"https:\/\/www.pm.pb.gov.br\/portal\/wp-json\/wp\/v2\/categories?post=4418"},{"taxonomy":"post_tag","embeddable":true,"href":"https:\/\/www.pm.pb.gov.br\/portal\/wp-json\/wp\/v2\/tags?post=4418"}],"curies":[{"name":"wp","href":"https:\/\/api.w.org\/{rel}","templated":true}]}}