{"id":4392,"date":"2010-02-10T13:02:07","date_gmt":"2010-02-10T16:02:07","guid":{"rendered":"http:\/\/www.pm.pb.gov.br\/portal\/2010\/02\/pm_expulsa_mais_um_soldado_condenado_por_homicidio\/"},"modified":"2010-02-10T13:02:07","modified_gmt":"2010-02-10T16:02:07","slug":"pm_expulsa_mais_um_soldado_condenado_por_homicidio","status":"publish","type":"post","link":"https:\/\/www.pm.pb.gov.br\/portal\/2010\/02\/10\/pm_expulsa_mais_um_soldado_condenado_por_homicidio\/","title":{"rendered":"PM expulsa mais um soldado condenado por homic\u00eddio"},"content":{"rendered":"<div style=\"text-align: justify;\">\n<p>O soldado Jo\u00e3o Maria Cavalcante Carvalho, foi expulso da Pol\u00edcia Militar. Portaria assinada pelo coronel Wilde de Oliveira Monteiro foi publicada no Di\u00e1rio Oficial que determina a imediata comunica\u00e7\u00e3o do ato de exclus\u00e3o aos Ju\u00edzes da Justi\u00e7a Militar e da Vara das Execu\u00e7\u00f5es Penais da Comarca da Capital.<\/p>\n<p>O soldado Jo\u00e3o Maria foi condenado a 14 anos de reclus\u00e3o pelo 2\u00ba Tribunal do J\u00fari Popular da Capital pelo crime de homic\u00eddio cometido no dia 13 de janeiro de 1999, no interior da Churrascaria \u0093Cawboy\u0094, localizada no bairro Valentina de Figueiredo, em Jo\u00e3o Pessoa.<\/p>\n<p>Segundo consta dos autos o ent\u00e3o soldado se encontrava bebendo na churrascaria juntamente com a v\u00edtima, S\u00e9rgio Ricardo de Mendes, que comemorava seu anivers\u00e1rio. Durante a comemora\u00e7\u00e3o o militar e o aniversariante discutiram, culminando com Jo\u00e3o Maria atirou contra S\u00e9rgio que atingido pelos disparos veio a \u00f3bito. Jo\u00e3o Maria fugiu sendo preso posteriormente.<\/p>\n<p>A Comiss\u00e3o de Disciplina que decidiu pela expuls\u00e3o do soldado foi presidida pelo capit\u00e3o Cl\u00e9cio da Silva Gomes e composta ainda pelos tenentes Francisco Jos\u00e9 J\u00fanior e Jamerson Ab\u00edlio de Souza.<\/p>\n<p>Antes da publica\u00e7\u00e3o do ato de expuls\u00e3o o soldado Jo\u00e3o Maria estava cumprindo a pena no quartel do 5\u00ba Batalh\u00e3o da PM no regime semi-aberto. Apesar do ato de expuls\u00e3o, o agora ex-militar aguarda resultado de recurso impetrado junto ao Supremo Tribunal Federal para garantir sua perman\u00eancia nas fileiras da Pol\u00edcia Militar da Para\u00edba.<\/p>\n<p>Com a publica\u00e7\u00e3o da portaria o tenente-coronel Get\u00falio Bezerra, comandante do 5\u00ba BPM disse que est\u00e1 providenciando a comunica\u00e7\u00e3o ao juiz da Vara das Execu\u00e7\u00f5es Penais para que o ex-militar cumpra o restante da pena em um estabelecimento prisional da capital.<\/p>\n<div class=\"row\" align=\"center\"><\/div>\n<\/div>\n","protected":false},"excerpt":{"rendered":"<p>O soldado Jo\u00e3o Maria Cavalcante Carvalho, foi expulso da Pol\u00edcia Militar. Portaria assinada pelo coronel Wilde de Oliveira Monteiro foi<\/p>\n","protected":false},"author":5,"featured_media":889132,"comment_status":"closed","ping_status":"closed","sticky":false,"template":"","format":"standard","meta":{"_exactmetrics_skip_tracking":false,"_exactmetrics_sitenote_active":false,"_exactmetrics_sitenote_note":"","_exactmetrics_sitenote_category":0,"footnotes":""},"categories":[4],"tags":[],"yoast_head":"<!-- This site is optimized with the Yoast SEO plugin v22.0 - https:\/\/yoast.com\/wordpress\/plugins\/seo\/ -->\n<title>PM expulsa mais um soldado condenado por homic\u00eddio - Pol\u00edcia Militar da Para\u00edba<\/title>\n<meta name=\"robots\" content=\"index, follow, max-snippet:-1, max-image-preview:large, max-video-preview:-1\" \/>\n<link rel=\"canonical\" href=\"https:\/\/www.pm.pb.gov.br\/portal\/2010\/02\/10\/pm_expulsa_mais_um_soldado_condenado_por_homicidio\/\" \/>\n<meta property=\"og:locale\" content=\"pt_BR\" \/>\n<meta property=\"og:type\" content=\"article\" \/>\n<meta property=\"og:title\" content=\"PM expulsa mais um soldado condenado por homic\u00eddio - Pol\u00edcia Militar da Para\u00edba\" \/>\n<meta property=\"og:description\" content=\"O soldado Jo\u00e3o Maria Cavalcante Carvalho, foi expulso da Pol\u00edcia Militar. Portaria assinada pelo coronel Wilde de Oliveira Monteiro foi\" \/>\n<meta property=\"og:url\" content=\"https:\/\/www.pm.pb.gov.br\/portal\/2010\/02\/10\/pm_expulsa_mais_um_soldado_condenado_por_homicidio\/\" \/>\n<meta property=\"og:site_name\" content=\"Pol\u00edcia Militar da Para\u00edba\" \/>\n<meta property=\"article:published_time\" content=\"2010-02-10T16:02:07+00:00\" \/>\n<meta property=\"og:image\" content=\"https:\/\/www.pm.pb.gov.br\/portal\/wp-content\/uploads\/2010\/02\/foto_brasao-37.jpg\" \/>\n\t<meta property=\"og:image:width\" content=\"620\" \/>\n\t<meta property=\"og:image:height\" content=\"411\" \/>\n\t<meta property=\"og:image:type\" content=\"image\/jpeg\" \/>\n<meta name=\"author\" content=\"Assessoria de Imprensa da PMPB\" \/>\n<meta name=\"twitter:card\" content=\"summary_large_image\" \/>\n<meta name=\"twitter:label1\" content=\"Escrito por\" \/>\n\t<meta name=\"twitter:data1\" content=\"Assessoria de Imprensa da PMPB\" \/>\n\t<meta name=\"twitter:label2\" content=\"Est. tempo de leitura\" \/>\n\t<meta name=\"twitter:data2\" content=\"2 minutos\" \/>\n<script type=\"application\/ld+json\" class=\"yoast-schema-graph\">{\"@context\":\"https:\/\/schema.org\",\"@graph\":[{\"@type\":\"Article\",\"@id\":\"https:\/\/www.pm.pb.gov.br\/portal\/2010\/02\/10\/pm_expulsa_mais_um_soldado_condenado_por_homicidio\/#article\",\"isPartOf\":{\"@id\":\"https:\/\/www.pm.pb.gov.br\/portal\/2010\/02\/10\/pm_expulsa_mais_um_soldado_condenado_por_homicidio\/\"},\"author\":{\"name\":\"Assessoria de Imprensa da PMPB\",\"@id\":\"https:\/\/www.pm.pb.gov.br\/portal\/#\/schema\/person\/e8454f46651c3ecf0e1ba3c1666d9947\"},\"headline\":\"PM expulsa mais um soldado condenado por homic\u00eddio\",\"datePublished\":\"2010-02-10T16:02:07+00:00\",\"dateModified\":\"2010-02-10T16:02:07+00:00\",\"mainEntityOfPage\":{\"@id\":\"https:\/\/www.pm.pb.gov.br\/portal\/2010\/02\/10\/pm_expulsa_mais_um_soldado_condenado_por_homicidio\/\"},\"wordCount\":314,\"publisher\":{\"@id\":\"https:\/\/www.pm.pb.gov.br\/portal\/#organization\"},\"articleSection\":[\"A\u00e7\u00f5es Policiais\"],\"inLanguage\":\"pt-BR\"},{\"@type\":\"WebPage\",\"@id\":\"https:\/\/www.pm.pb.gov.br\/portal\/2010\/02\/10\/pm_expulsa_mais_um_soldado_condenado_por_homicidio\/\",\"url\":\"https:\/\/www.pm.pb.gov.br\/portal\/2010\/02\/10\/pm_expulsa_mais_um_soldado_condenado_por_homicidio\/\",\"name\":\"PM expulsa mais um soldado condenado por homic\u00eddio - Pol\u00edcia Militar da Para\u00edba\",\"isPartOf\":{\"@id\":\"https:\/\/www.pm.pb.gov.br\/portal\/#website\"},\"datePublished\":\"2010-02-10T16:02:07+00:00\",\"dateModified\":\"2010-02-10T16:02:07+00:00\",\"breadcrumb\":{\"@id\":\"https:\/\/www.pm.pb.gov.br\/portal\/2010\/02\/10\/pm_expulsa_mais_um_soldado_condenado_por_homicidio\/#breadcrumb\"},\"inLanguage\":\"pt-BR\",\"potentialAction\":[{\"@type\":\"ReadAction\",\"target\":[\"https:\/\/www.pm.pb.gov.br\/portal\/2010\/02\/10\/pm_expulsa_mais_um_soldado_condenado_por_homicidio\/\"]}]},{\"@type\":\"BreadcrumbList\",\"@id\":\"https:\/\/www.pm.pb.gov.br\/portal\/2010\/02\/10\/pm_expulsa_mais_um_soldado_condenado_por_homicidio\/#breadcrumb\",\"itemListElement\":[{\"@type\":\"ListItem\",\"position\":1,\"name\":\"In\u00edcio\",\"item\":\"https:\/\/www.pm.pb.gov.br\/portal\/\"},{\"@type\":\"ListItem\",\"position\":2,\"name\":\"PM expulsa mais um soldado condenado por homic\u00eddio\"}]},{\"@type\":\"WebSite\",\"@id\":\"https:\/\/www.pm.pb.gov.br\/portal\/#website\",\"url\":\"https:\/\/www.pm.pb.gov.br\/portal\/\",\"name\":\"Pol\u00edcia Militar da Para\u00edba\",\"description\":\"\",\"publisher\":{\"@id\":\"https:\/\/www.pm.pb.gov.br\/portal\/#organization\"},\"potentialAction\":[{\"@type\":\"SearchAction\",\"target\":{\"@type\":\"EntryPoint\",\"urlTemplate\":\"https:\/\/www.pm.pb.gov.br\/portal\/?s={search_term_string}\"},\"query-input\":\"required name=search_term_string\"}],\"inLanguage\":\"pt-BR\"},{\"@type\":\"Organization\",\"@id\":\"https:\/\/www.pm.pb.gov.br\/portal\/#organization\",\"name\":\"Pol\u00edcia Militar da Para\u00edba\",\"url\":\"https:\/\/www.pm.pb.gov.br\/portal\/\",\"logo\":{\"@type\":\"ImageObject\",\"inLanguage\":\"pt-BR\",\"@id\":\"https:\/\/www.pm.pb.gov.br\/portal\/#\/schema\/logo\/image\/\",\"url\":\"https:\/\/www.pm.pb.gov.br\/portal\/wp-content\/uploads\/2025\/03\/cropped-logo-site-mag2-1.png\",\"contentUrl\":\"https:\/\/www.pm.pb.gov.br\/portal\/wp-content\/uploads\/2025\/03\/cropped-logo-site-mag2-1.png\",\"width\":320,\"height\":90,\"caption\":\"Pol\u00edcia Militar da Para\u00edba\"},\"image\":{\"@id\":\"https:\/\/www.pm.pb.gov.br\/portal\/#\/schema\/logo\/image\/\"}},{\"@type\":\"Person\",\"@id\":\"https:\/\/www.pm.pb.gov.br\/portal\/#\/schema\/person\/e8454f46651c3ecf0e1ba3c1666d9947\",\"name\":\"Assessoria de Imprensa da PMPB\",\"image\":{\"@type\":\"ImageObject\",\"inLanguage\":\"pt-BR\",\"@id\":\"https:\/\/www.pm.pb.gov.br\/portal\/#\/schema\/person\/image\/\",\"url\":\"https:\/\/secure.gravatar.com\/avatar\/2efe197438265d1e90bd98c4c8e1acf8?s=96&d=mm&r=g\",\"contentUrl\":\"https:\/\/secure.gravatar.com\/avatar\/2efe197438265d1e90bd98c4c8e1acf8?s=96&d=mm&r=g\",\"caption\":\"Assessoria de Imprensa da PMPB\"},\"url\":\"https:\/\/www.pm.pb.gov.br\/portal\/author\/assessoria\/\"}]}<\/script>\n<!-- \/ Yoast SEO plugin. -->","yoast_head_json":{"title":"PM expulsa mais um soldado condenado por homic\u00eddio - Pol\u00edcia Militar da Para\u00edba","robots":{"index":"index","follow":"follow","max-snippet":"max-snippet:-1","max-image-preview":"max-image-preview:large","max-video-preview":"max-video-preview:-1"},"canonical":"https:\/\/www.pm.pb.gov.br\/portal\/2010\/02\/10\/pm_expulsa_mais_um_soldado_condenado_por_homicidio\/","og_locale":"pt_BR","og_type":"article","og_title":"PM expulsa mais um soldado condenado por homic\u00eddio - Pol\u00edcia Militar da Para\u00edba","og_description":"O soldado Jo\u00e3o Maria Cavalcante Carvalho, foi expulso da Pol\u00edcia Militar. Portaria assinada pelo coronel Wilde de Oliveira Monteiro foi","og_url":"https:\/\/www.pm.pb.gov.br\/portal\/2010\/02\/10\/pm_expulsa_mais_um_soldado_condenado_por_homicidio\/","og_site_name":"Pol\u00edcia Militar da Para\u00edba","article_published_time":"2010-02-10T16:02:07+00:00","og_image":[{"width":620,"height":411,"url":"https:\/\/www.pm.pb.gov.br\/portal\/wp-content\/uploads\/2010\/02\/foto_brasao-37.jpg","type":"image\/jpeg"}],"author":"Assessoria de Imprensa da PMPB","twitter_card":"summary_large_image","twitter_misc":{"Escrito por":"Assessoria de Imprensa da PMPB","Est. tempo de leitura":"2 minutos"},"schema":{"@context":"https:\/\/schema.org","@graph":[{"@type":"Article","@id":"https:\/\/www.pm.pb.gov.br\/portal\/2010\/02\/10\/pm_expulsa_mais_um_soldado_condenado_por_homicidio\/#article","isPartOf":{"@id":"https:\/\/www.pm.pb.gov.br\/portal\/2010\/02\/10\/pm_expulsa_mais_um_soldado_condenado_por_homicidio\/"},"author":{"name":"Assessoria de Imprensa da PMPB","@id":"https:\/\/www.pm.pb.gov.br\/portal\/#\/schema\/person\/e8454f46651c3ecf0e1ba3c1666d9947"},"headline":"PM expulsa mais um soldado condenado por homic\u00eddio","datePublished":"2010-02-10T16:02:07+00:00","dateModified":"2010-02-10T16:02:07+00:00","mainEntityOfPage":{"@id":"https:\/\/www.pm.pb.gov.br\/portal\/2010\/02\/10\/pm_expulsa_mais_um_soldado_condenado_por_homicidio\/"},"wordCount":314,"publisher":{"@id":"https:\/\/www.pm.pb.gov.br\/portal\/#organization"},"articleSection":["A\u00e7\u00f5es Policiais"],"inLanguage":"pt-BR"},{"@type":"WebPage","@id":"https:\/\/www.pm.pb.gov.br\/portal\/2010\/02\/10\/pm_expulsa_mais_um_soldado_condenado_por_homicidio\/","url":"https:\/\/www.pm.pb.gov.br\/portal\/2010\/02\/10\/pm_expulsa_mais_um_soldado_condenado_por_homicidio\/","name":"PM expulsa mais um soldado condenado por homic\u00eddio - Pol\u00edcia Militar da Para\u00edba","isPartOf":{"@id":"https:\/\/www.pm.pb.gov.br\/portal\/#website"},"datePublished":"2010-02-10T16:02:07+00:00","dateModified":"2010-02-10T16:02:07+00:00","breadcrumb":{"@id":"https:\/\/www.pm.pb.gov.br\/portal\/2010\/02\/10\/pm_expulsa_mais_um_soldado_condenado_por_homicidio\/#breadcrumb"},"inLanguage":"pt-BR","potentialAction":[{"@type":"ReadAction","target":["https:\/\/www.pm.pb.gov.br\/portal\/2010\/02\/10\/pm_expulsa_mais_um_soldado_condenado_por_homicidio\/"]}]},{"@type":"BreadcrumbList","@id":"https:\/\/www.pm.pb.gov.br\/portal\/2010\/02\/10\/pm_expulsa_mais_um_soldado_condenado_por_homicidio\/#breadcrumb","itemListElement":[{"@type":"ListItem","position":1,"name":"In\u00edcio","item":"https:\/\/www.pm.pb.gov.br\/portal\/"},{"@type":"ListItem","position":2,"name":"PM expulsa mais um soldado condenado por homic\u00eddio"}]},{"@type":"WebSite","@id":"https:\/\/www.pm.pb.gov.br\/portal\/#website","url":"https:\/\/www.pm.pb.gov.br\/portal\/","name":"Pol\u00edcia Militar da Para\u00edba","description":"","publisher":{"@id":"https:\/\/www.pm.pb.gov.br\/portal\/#organization"},"potentialAction":[{"@type":"SearchAction","target":{"@type":"EntryPoint","urlTemplate":"https:\/\/www.pm.pb.gov.br\/portal\/?s={search_term_string}"},"query-input":"required name=search_term_string"}],"inLanguage":"pt-BR"},{"@type":"Organization","@id":"https:\/\/www.pm.pb.gov.br\/portal\/#organization","name":"Pol\u00edcia Militar da Para\u00edba","url":"https:\/\/www.pm.pb.gov.br\/portal\/","logo":{"@type":"ImageObject","inLanguage":"pt-BR","@id":"https:\/\/www.pm.pb.gov.br\/portal\/#\/schema\/logo\/image\/","url":"https:\/\/www.pm.pb.gov.br\/portal\/wp-content\/uploads\/2025\/03\/cropped-logo-site-mag2-1.png","contentUrl":"https:\/\/www.pm.pb.gov.br\/portal\/wp-content\/uploads\/2025\/03\/cropped-logo-site-mag2-1.png","width":320,"height":90,"caption":"Pol\u00edcia Militar da Para\u00edba"},"image":{"@id":"https:\/\/www.pm.pb.gov.br\/portal\/#\/schema\/logo\/image\/"}},{"@type":"Person","@id":"https:\/\/www.pm.pb.gov.br\/portal\/#\/schema\/person\/e8454f46651c3ecf0e1ba3c1666d9947","name":"Assessoria de Imprensa da PMPB","image":{"@type":"ImageObject","inLanguage":"pt-BR","@id":"https:\/\/www.pm.pb.gov.br\/portal\/#\/schema\/person\/image\/","url":"https:\/\/secure.gravatar.com\/avatar\/2efe197438265d1e90bd98c4c8e1acf8?s=96&d=mm&r=g","contentUrl":"https:\/\/secure.gravatar.com\/avatar\/2efe197438265d1e90bd98c4c8e1acf8?s=96&d=mm&r=g","caption":"Assessoria de Imprensa da PMPB"},"url":"https:\/\/www.pm.pb.gov.br\/portal\/author\/assessoria\/"}]}},"_links":{"self":[{"href":"https:\/\/www.pm.pb.gov.br\/portal\/wp-json\/wp\/v2\/posts\/4392"}],"collection":[{"href":"https:\/\/www.pm.pb.gov.br\/portal\/wp-json\/wp\/v2\/posts"}],"about":[{"href":"https:\/\/www.pm.pb.gov.br\/portal\/wp-json\/wp\/v2\/types\/post"}],"author":[{"embeddable":true,"href":"https:\/\/www.pm.pb.gov.br\/portal\/wp-json\/wp\/v2\/users\/5"}],"replies":[{"embeddable":true,"href":"https:\/\/www.pm.pb.gov.br\/portal\/wp-json\/wp\/v2\/comments?post=4392"}],"version-history":[{"count":0,"href":"https:\/\/www.pm.pb.gov.br\/portal\/wp-json\/wp\/v2\/posts\/4392\/revisions"}],"wp:featuredmedia":[{"embeddable":true,"href":"https:\/\/www.pm.pb.gov.br\/portal\/wp-json\/wp\/v2\/media\/889132"}],"wp:attachment":[{"href":"https:\/\/www.pm.pb.gov.br\/portal\/wp-json\/wp\/v2\/media?parent=4392"}],"wp:term":[{"taxonomy":"category","embeddable":true,"href":"https:\/\/www.pm.pb.gov.br\/portal\/wp-json\/wp\/v2\/categories?post=4392"},{"taxonomy":"post_tag","embeddable":true,"href":"https:\/\/www.pm.pb.gov.br\/portal\/wp-json\/wp\/v2\/tags?post=4392"}],"curies":[{"name":"wp","href":"https:\/\/api.w.org\/{rel}","templated":true}]}}