{"id":4391,"date":"2010-02-09T12:02:44","date_gmt":"2010-02-09T15:02:44","guid":{"rendered":"http:\/\/www.pm.pb.gov.br\/portal\/2010\/02\/governador_preside_solenidade_de_aniversario_da_policia_militar\/"},"modified":"2010-02-09T12:02:44","modified_gmt":"2010-02-09T15:02:44","slug":"governador_preside_solenidade_de_aniversario_da_policia_militar","status":"publish","type":"post","link":"https:\/\/www.pm.pb.gov.br\/portal\/2010\/02\/09\/governador_preside_solenidade_de_aniversario_da_policia_militar\/","title":{"rendered":"Governador preside solenidade de anivers\u00e1rio da Pol\u00edcia Militar"},"content":{"rendered":"<figure style=\"width: 500px\" class=\"wp-caption alignnone\"><img decoding=\"async\" class=\"alignnone size-medium\" src=\"http:\/\/www.pm.pb.gov.br\/exportacao\/fotos_noticias\/4391_4998.jpg\" title=\"Pol\u00edcia Militar ganha novas viaturas em seu anivers\u00e1rio\" width=\"100%\" \/><figcaption class=\"wp-caption-text\">Pol\u00edcia Militar ganha novas viaturas em seu anivers\u00e1rio<\/figcaption><\/figure>\n<div style=\"text-align: justify;\">\n<p>\tDando continuidade ao programa do seu governo de valorizar o policial militar e equipar operacionalmente a Pol\u00edcia Militar da Para\u00edba, o governador Jos\u00e9 Targino Maranh\u00e3o, presidiu na manh\u00e3 desta ter\u00e7a-feira dia 09, em frente ao Pal\u00e1cio da Reden\u00e7\u00e3o, a solenidade comemorativa aos 178 anos de anivers\u00e1rio da Corpora\u00e7\u00e3o. V\u00e1rias autoridades civis e militares e o povo em geram participaram do evento.<br \/>\n\tNo evento, o governador Jos\u00e9 Maranh\u00e3o acompanhado do comandante geral da Corpora\u00e7\u00e3o, coronel Wilde de Oliveira Monteiro, e do secret\u00e1rio de Seguran\u00e7a e defesa Social, Gustavo Gominho, entregou a Pol\u00edcia Militar 80 caminhonetes da marca Ford-Ranger 4&#215;4, movida a \u00f3leo diesel e flex (\u00e1lcool e gasolina).<br \/>\n\tAl\u00e9m da entrega de equipamento operacional, o governador Jos\u00e9 Maranh\u00e3o tamb\u00e9m presidiu na mesma solenidade, a formatura dos concluintes do Curso de Habilita\u00e7\u00e3o de cabos e sargentos. Foram ainda agraciados v\u00e1rios oficiais e pra\u00e7as com medalha de 10 e 20 anos de servi\u00e7os prestados a Corpora\u00e7\u00e3o e em especial a sociedade paraibana.<br \/>\n\t Na solenidade militar houve a apresenta\u00e7\u00e3o da tropa, c\u00e2ntico do hino nacional e leitura da ordem do dia. No seu pronunciamento o comandante geral, coronel Wild de Oliveira Monteiro, afirmou que hoje comemoramos mais um ciclo na vida institucional de nossa briosa Pol\u00edcia Militar, j\u00e1 se completam 178 anos de uma hist\u00f3ria repleta de gl\u00f3rias e vit\u00f3rias que se repetem todos os dias, pois diariamente se edifica a certeza de que o tempo vem agindo favoravelmente para tornar nossa Corpora\u00e7\u00e3o cada vez melhor.<br \/>\n\t\u00c9 not\u00f3rio que vivemos um processo de cont\u00ednua evolu\u00e7\u00e3o, e mesmo com uma longa exist\u00eancia, temos acompanhado as mudan\u00e7as dos novos tempos e nos renovado p\u00e1ra estarmos capazes para proteger e pacificar.<br \/>\n\tEste \u00e9 um dia para celebrarmos o amor de cada um de n\u00f3s por nossa Institui\u00e7\u00e3o, pois ela, al\u00e9m de nos fornecer o sustento de nossas fam\u00edlias, concretiza os nossos sonhos e confere a todos os honrados homens e mulheres que a fazem, a dignidade de um valoroso trabalho e uma important\u00edssima miss\u00e3o. Portanto, assim como temos o costume de comemorar nossa pr\u00f3pria data natal\u00edcia, enaltecendo hoje o anivers\u00e1rio da Pol\u00edcia Militar paraibana, sabendo que um policial militar jamais o deixa de ser, mesmo na inatividade, pois somos parte da Corpora\u00e7\u00e3o e ela tamb\u00e9m \u00e9 parte de n\u00f3s.<br \/>\n\tAssim, ao passo em que damos nossos parab\u00e9ns \u00e0 Pol\u00edcia Militar do Estado da Para\u00edba, estas congratula\u00e7\u00f5es se espalham entre cada um dos seus integrantes, pois esta grande e essencial organiza\u00e7\u00e3o do Estado n\u00e3o \u00e9 composta de outra coisa sen\u00e3o dos bravos profissionais que estiveram e est\u00e3o, desde o n\u00e3o de 1832, cumprindo o seu dever incessantemente. Somos n\u00f3s que carregamos nos ombros esta tradi\u00e7\u00e3o, por isso sabemos da responsabilidade em estampar no bra\u00e7o este bras\u00e3o.<br \/>\n\tComo ilustra\u00e7\u00e3o do constante aprimoramento institucional, e de que esta melhora \u00e9 o desenvolvimento de n\u00f3s mesmos, \u00e9 que hoje tamb\u00e9m comemoramos a conclus\u00e3o dos Cursos de Habilita\u00e7\u00e3o de Sargentos e Cabos, os quais possibilitar\u00e3o a cada um dos militares rec\u00e9m habilitados, mais qualidade na presta\u00e7\u00e3o dos seus servi\u00e7os para com os cidad\u00e3os.<br \/>\n\tFinalizando, o coronel Wilde Monteiro, convocou a todos para que, al\u00e9m de nossos parab\u00e9ns e de nosso amor, presenteemos nossa briosa renovando o compromisso, de cada dia darmos o melhor de n\u00f3s mesmos em nosso trabalho, pois assim ser\u00e3o beneficiados nossa Institui\u00e7\u00e3o, os policiais militares e toda sociedade paraibana.<\/p>\n<div class=\"row\" align=\"center\"><a href=\"http:\/\/www.pm.pb.gov.br\/exportacao\/fotos_noticias\/4391_4999.jpg\"><figure style=\"width: 500px\" class=\"wp-caption alignnone\"><img decoding=\"async\" class=\"image-responsive\" src=\"http:\/\/www.pm.pb.gov.br\/exportacao\/fotos_noticias\/4391_4999.jpg\" title=\"Conclus\u00e3o do Curso de Habilita\u00e7\u00e3o de Sargentos e Cabos\" width=\"100%\" \/><figcaption class=\"wp-caption-text\">Conclus\u00e3o do Curso de Habilita\u00e7\u00e3o de Sargentos e Cabos<\/figcaption><\/figure><\/a><a href=\"http:\/\/www.pm.pb.gov.br\/exportacao\/fotos_noticias\/4391_5000.jpg\"><figure style=\"width: 500px\" class=\"wp-caption alignnone\"><img decoding=\"async\" class=\"image-responsive\" src=\"http:\/\/www.pm.pb.gov.br\/exportacao\/fotos_noticias\/4391_5000.jpg\" title=\"Governador entrega medalha cruz de sangue a policial militar\" width=\"100%\" \/><figcaption class=\"wp-caption-text\">Governador entrega medalha cruz de sangue a policial militar<\/figcaption><\/figure><\/a><a href=\"http:\/\/www.pm.pb.gov.br\/exportacao\/fotos_noticias\/4391_5001.jpg\"><figure style=\"width: 500px\" class=\"wp-caption alignnone\"><img decoding=\"async\" class=\"image-responsive\" src=\"http:\/\/www.pm.pb.gov.br\/exportacao\/fotos_noticias\/4391_5001.jpg\" title=\"Coronel Monteiro pede permiss\u00e3o ao governador para in\u00edcio da solenidade\" width=\"100%\" \/><figcaption class=\"wp-caption-text\">Coronel Monteiro pede permiss\u00e3o ao governador para in\u00edcio da solenidade<\/figcaption><\/figure><\/a><a href=\"http:\/\/www.pm.pb.gov.br\/exportacao\/fotos_noticias\/4391_5002.jpg\"><figure style=\"width: 500px\" class=\"wp-caption alignnone\"><img decoding=\"async\" class=\"image-responsive\" src=\"http:\/\/www.pm.pb.gov.br\/exportacao\/fotos_noticias\/4391_5002.jpg\" title=\"Jos\u00e9 Maranh\u00e3o entrega insignias aos novos Sargentos e Cabos\" width=\"100%\" \/><figcaption class=\"wp-caption-text\">Jos\u00e9 Maranh\u00e3o entrega insignias aos novos Sargentos e Cabos<\/figcaption><\/figure><\/a><a href=\"http:\/\/www.pm.pb.gov.br\/exportacao\/fotos_noticias\/4391_5003.jpg\"><figure style=\"width: 500px\" class=\"wp-caption alignnone\"><img decoding=\"async\" class=\"image-responsive\" src=\"http:\/\/www.pm.pb.gov.br\/exportacao\/fotos_noticias\/4391_5003.jpg\" title=\"Maranh\u00e3o entrega novas viaturas da PM\" width=\"100%\" \/><figcaption class=\"wp-caption-text\">Maranh\u00e3o entrega novas viaturas da PM<\/figcaption><\/figure><\/a><\/div>\n<\/div>\n","protected":false},"excerpt":{"rendered":"<p>Dando continuidade ao programa do seu governo de valorizar o policial militar e equipar operacionalmente a Pol\u00edcia Militar da Para\u00edba,<\/p>\n","protected":false},"author":5,"featured_media":4998,"comment_status":"closed","ping_status":"closed","sticky":false,"template":"","format":"standard","meta":{"_exactmetrics_skip_tracking":false,"_exactmetrics_sitenote_active":false,"_exactmetrics_sitenote_note":"","_exactmetrics_sitenote_category":0,"footnotes":""},"categories":[5],"tags":[],"yoast_head":"<!-- This site is optimized with the Yoast SEO plugin v22.0 - https:\/\/yoast.com\/wordpress\/plugins\/seo\/ -->\n<title>Governador preside solenidade de anivers\u00e1rio da Pol\u00edcia Militar - Pol\u00edcia Militar da Para\u00edba<\/title>\n<meta name=\"robots\" content=\"index, follow, max-snippet:-1, max-image-preview:large, max-video-preview:-1\" \/>\n<link rel=\"canonical\" href=\"https:\/\/www.pm.pb.gov.br\/portal\/2010\/02\/09\/governador_preside_solenidade_de_aniversario_da_policia_militar\/\" \/>\n<meta property=\"og:locale\" content=\"pt_BR\" \/>\n<meta property=\"og:type\" content=\"article\" \/>\n<meta property=\"og:title\" content=\"Governador preside solenidade de anivers\u00e1rio da Pol\u00edcia Militar - Pol\u00edcia Militar da Para\u00edba\" \/>\n<meta property=\"og:description\" content=\"Dando continuidade ao programa do seu governo de valorizar o policial militar e equipar operacionalmente a Pol\u00edcia Militar da Para\u00edba,\" \/>\n<meta property=\"og:url\" content=\"https:\/\/www.pm.pb.gov.br\/portal\/2010\/02\/09\/governador_preside_solenidade_de_aniversario_da_policia_militar\/\" \/>\n<meta property=\"og:site_name\" content=\"Pol\u00edcia Militar da Para\u00edba\" \/>\n<meta property=\"article:published_time\" content=\"2010-02-09T15:02:44+00:00\" \/>\n<meta property=\"og:image\" content=\"https:\/\/www.pm.pb.gov.br\/portal\/wp-content\/uploads\/2010\/02\/4391_4998.jpg\" \/>\n\t<meta property=\"og:image:width\" content=\"500\" \/>\n\t<meta property=\"og:image:height\" content=\"332\" \/>\n\t<meta property=\"og:image:type\" content=\"image\/jpeg\" \/>\n<meta name=\"author\" content=\"Assessoria de Imprensa da PMPB\" \/>\n<meta name=\"twitter:card\" content=\"summary_large_image\" \/>\n<meta name=\"twitter:label1\" content=\"Escrito por\" \/>\n\t<meta name=\"twitter:data1\" content=\"Assessoria de Imprensa da PMPB\" \/>\n\t<meta name=\"twitter:label2\" content=\"Est. tempo de leitura\" \/>\n\t<meta name=\"twitter:data2\" content=\"4 minutos\" \/>\n<script type=\"application\/ld+json\" class=\"yoast-schema-graph\">{\"@context\":\"https:\/\/schema.org\",\"@graph\":[{\"@type\":\"Article\",\"@id\":\"https:\/\/www.pm.pb.gov.br\/portal\/2010\/02\/09\/governador_preside_solenidade_de_aniversario_da_policia_militar\/#article\",\"isPartOf\":{\"@id\":\"https:\/\/www.pm.pb.gov.br\/portal\/2010\/02\/09\/governador_preside_solenidade_de_aniversario_da_policia_militar\/\"},\"author\":{\"name\":\"Assessoria de Imprensa da PMPB\",\"@id\":\"https:\/\/www.pm.pb.gov.br\/portal\/#\/schema\/person\/e8454f46651c3ecf0e1ba3c1666d9947\"},\"headline\":\"Governador preside solenidade de anivers\u00e1rio da Pol\u00edcia Militar\",\"datePublished\":\"2010-02-09T15:02:44+00:00\",\"dateModified\":\"2010-02-09T15:02:44+00:00\",\"mainEntityOfPage\":{\"@id\":\"https:\/\/www.pm.pb.gov.br\/portal\/2010\/02\/09\/governador_preside_solenidade_de_aniversario_da_policia_militar\/\"},\"wordCount\":717,\"publisher\":{\"@id\":\"https:\/\/www.pm.pb.gov.br\/portal\/#organization\"},\"articleSection\":[\"Homenagens\"],\"inLanguage\":\"pt-BR\"},{\"@type\":\"WebPage\",\"@id\":\"https:\/\/www.pm.pb.gov.br\/portal\/2010\/02\/09\/governador_preside_solenidade_de_aniversario_da_policia_militar\/\",\"url\":\"https:\/\/www.pm.pb.gov.br\/portal\/2010\/02\/09\/governador_preside_solenidade_de_aniversario_da_policia_militar\/\",\"name\":\"Governador preside solenidade de anivers\u00e1rio da Pol\u00edcia Militar - Pol\u00edcia Militar da Para\u00edba\",\"isPartOf\":{\"@id\":\"https:\/\/www.pm.pb.gov.br\/portal\/#website\"},\"datePublished\":\"2010-02-09T15:02:44+00:00\",\"dateModified\":\"2010-02-09T15:02:44+00:00\",\"breadcrumb\":{\"@id\":\"https:\/\/www.pm.pb.gov.br\/portal\/2010\/02\/09\/governador_preside_solenidade_de_aniversario_da_policia_militar\/#breadcrumb\"},\"inLanguage\":\"pt-BR\",\"potentialAction\":[{\"@type\":\"ReadAction\",\"target\":[\"https:\/\/www.pm.pb.gov.br\/portal\/2010\/02\/09\/governador_preside_solenidade_de_aniversario_da_policia_militar\/\"]}]},{\"@type\":\"BreadcrumbList\",\"@id\":\"https:\/\/www.pm.pb.gov.br\/portal\/2010\/02\/09\/governador_preside_solenidade_de_aniversario_da_policia_militar\/#breadcrumb\",\"itemListElement\":[{\"@type\":\"ListItem\",\"position\":1,\"name\":\"In\u00edcio\",\"item\":\"https:\/\/www.pm.pb.gov.br\/portal\/\"},{\"@type\":\"ListItem\",\"position\":2,\"name\":\"Governador preside solenidade de anivers\u00e1rio da Pol\u00edcia Militar\"}]},{\"@type\":\"WebSite\",\"@id\":\"https:\/\/www.pm.pb.gov.br\/portal\/#website\",\"url\":\"https:\/\/www.pm.pb.gov.br\/portal\/\",\"name\":\"Pol\u00edcia Militar da Para\u00edba\",\"description\":\"\",\"publisher\":{\"@id\":\"https:\/\/www.pm.pb.gov.br\/portal\/#organization\"},\"potentialAction\":[{\"@type\":\"SearchAction\",\"target\":{\"@type\":\"EntryPoint\",\"urlTemplate\":\"https:\/\/www.pm.pb.gov.br\/portal\/?s={search_term_string}\"},\"query-input\":\"required name=search_term_string\"}],\"inLanguage\":\"pt-BR\"},{\"@type\":\"Organization\",\"@id\":\"https:\/\/www.pm.pb.gov.br\/portal\/#organization\",\"name\":\"Pol\u00edcia Militar da Para\u00edba\",\"url\":\"https:\/\/www.pm.pb.gov.br\/portal\/\",\"logo\":{\"@type\":\"ImageObject\",\"inLanguage\":\"pt-BR\",\"@id\":\"https:\/\/www.pm.pb.gov.br\/portal\/#\/schema\/logo\/image\/\",\"url\":\"https:\/\/www.pm.pb.gov.br\/portal\/wp-content\/uploads\/2025\/03\/cropped-logo-site-mag2-1.png\",\"contentUrl\":\"https:\/\/www.pm.pb.gov.br\/portal\/wp-content\/uploads\/2025\/03\/cropped-logo-site-mag2-1.png\",\"width\":320,\"height\":90,\"caption\":\"Pol\u00edcia Militar da Para\u00edba\"},\"image\":{\"@id\":\"https:\/\/www.pm.pb.gov.br\/portal\/#\/schema\/logo\/image\/\"}},{\"@type\":\"Person\",\"@id\":\"https:\/\/www.pm.pb.gov.br\/portal\/#\/schema\/person\/e8454f46651c3ecf0e1ba3c1666d9947\",\"name\":\"Assessoria de Imprensa da PMPB\",\"image\":{\"@type\":\"ImageObject\",\"inLanguage\":\"pt-BR\",\"@id\":\"https:\/\/www.pm.pb.gov.br\/portal\/#\/schema\/person\/image\/\",\"url\":\"https:\/\/secure.gravatar.com\/avatar\/2efe197438265d1e90bd98c4c8e1acf8?s=96&d=mm&r=g\",\"contentUrl\":\"https:\/\/secure.gravatar.com\/avatar\/2efe197438265d1e90bd98c4c8e1acf8?s=96&d=mm&r=g\",\"caption\":\"Assessoria de Imprensa da PMPB\"},\"url\":\"https:\/\/www.pm.pb.gov.br\/portal\/author\/assessoria\/\"}]}<\/script>\n<!-- \/ Yoast SEO plugin. -->","yoast_head_json":{"title":"Governador preside solenidade de anivers\u00e1rio da Pol\u00edcia Militar - Pol\u00edcia Militar da Para\u00edba","robots":{"index":"index","follow":"follow","max-snippet":"max-snippet:-1","max-image-preview":"max-image-preview:large","max-video-preview":"max-video-preview:-1"},"canonical":"https:\/\/www.pm.pb.gov.br\/portal\/2010\/02\/09\/governador_preside_solenidade_de_aniversario_da_policia_militar\/","og_locale":"pt_BR","og_type":"article","og_title":"Governador preside solenidade de anivers\u00e1rio da Pol\u00edcia Militar - Pol\u00edcia Militar da Para\u00edba","og_description":"Dando continuidade ao programa do seu governo de valorizar o policial militar e equipar operacionalmente a Pol\u00edcia Militar da Para\u00edba,","og_url":"https:\/\/www.pm.pb.gov.br\/portal\/2010\/02\/09\/governador_preside_solenidade_de_aniversario_da_policia_militar\/","og_site_name":"Pol\u00edcia Militar da Para\u00edba","article_published_time":"2010-02-09T15:02:44+00:00","og_image":[{"width":500,"height":332,"url":"https:\/\/www.pm.pb.gov.br\/portal\/wp-content\/uploads\/2010\/02\/4391_4998.jpg","type":"image\/jpeg"}],"author":"Assessoria de Imprensa da PMPB","twitter_card":"summary_large_image","twitter_misc":{"Escrito por":"Assessoria de Imprensa da PMPB","Est. tempo de leitura":"4 minutos"},"schema":{"@context":"https:\/\/schema.org","@graph":[{"@type":"Article","@id":"https:\/\/www.pm.pb.gov.br\/portal\/2010\/02\/09\/governador_preside_solenidade_de_aniversario_da_policia_militar\/#article","isPartOf":{"@id":"https:\/\/www.pm.pb.gov.br\/portal\/2010\/02\/09\/governador_preside_solenidade_de_aniversario_da_policia_militar\/"},"author":{"name":"Assessoria de Imprensa da PMPB","@id":"https:\/\/www.pm.pb.gov.br\/portal\/#\/schema\/person\/e8454f46651c3ecf0e1ba3c1666d9947"},"headline":"Governador preside solenidade de anivers\u00e1rio da Pol\u00edcia Militar","datePublished":"2010-02-09T15:02:44+00:00","dateModified":"2010-02-09T15:02:44+00:00","mainEntityOfPage":{"@id":"https:\/\/www.pm.pb.gov.br\/portal\/2010\/02\/09\/governador_preside_solenidade_de_aniversario_da_policia_militar\/"},"wordCount":717,"publisher":{"@id":"https:\/\/www.pm.pb.gov.br\/portal\/#organization"},"articleSection":["Homenagens"],"inLanguage":"pt-BR"},{"@type":"WebPage","@id":"https:\/\/www.pm.pb.gov.br\/portal\/2010\/02\/09\/governador_preside_solenidade_de_aniversario_da_policia_militar\/","url":"https:\/\/www.pm.pb.gov.br\/portal\/2010\/02\/09\/governador_preside_solenidade_de_aniversario_da_policia_militar\/","name":"Governador preside solenidade de anivers\u00e1rio da Pol\u00edcia Militar - Pol\u00edcia Militar da Para\u00edba","isPartOf":{"@id":"https:\/\/www.pm.pb.gov.br\/portal\/#website"},"datePublished":"2010-02-09T15:02:44+00:00","dateModified":"2010-02-09T15:02:44+00:00","breadcrumb":{"@id":"https:\/\/www.pm.pb.gov.br\/portal\/2010\/02\/09\/governador_preside_solenidade_de_aniversario_da_policia_militar\/#breadcrumb"},"inLanguage":"pt-BR","potentialAction":[{"@type":"ReadAction","target":["https:\/\/www.pm.pb.gov.br\/portal\/2010\/02\/09\/governador_preside_solenidade_de_aniversario_da_policia_militar\/"]}]},{"@type":"BreadcrumbList","@id":"https:\/\/www.pm.pb.gov.br\/portal\/2010\/02\/09\/governador_preside_solenidade_de_aniversario_da_policia_militar\/#breadcrumb","itemListElement":[{"@type":"ListItem","position":1,"name":"In\u00edcio","item":"https:\/\/www.pm.pb.gov.br\/portal\/"},{"@type":"ListItem","position":2,"name":"Governador preside solenidade de anivers\u00e1rio da Pol\u00edcia Militar"}]},{"@type":"WebSite","@id":"https:\/\/www.pm.pb.gov.br\/portal\/#website","url":"https:\/\/www.pm.pb.gov.br\/portal\/","name":"Pol\u00edcia Militar da Para\u00edba","description":"","publisher":{"@id":"https:\/\/www.pm.pb.gov.br\/portal\/#organization"},"potentialAction":[{"@type":"SearchAction","target":{"@type":"EntryPoint","urlTemplate":"https:\/\/www.pm.pb.gov.br\/portal\/?s={search_term_string}"},"query-input":"required name=search_term_string"}],"inLanguage":"pt-BR"},{"@type":"Organization","@id":"https:\/\/www.pm.pb.gov.br\/portal\/#organization","name":"Pol\u00edcia Militar da Para\u00edba","url":"https:\/\/www.pm.pb.gov.br\/portal\/","logo":{"@type":"ImageObject","inLanguage":"pt-BR","@id":"https:\/\/www.pm.pb.gov.br\/portal\/#\/schema\/logo\/image\/","url":"https:\/\/www.pm.pb.gov.br\/portal\/wp-content\/uploads\/2025\/03\/cropped-logo-site-mag2-1.png","contentUrl":"https:\/\/www.pm.pb.gov.br\/portal\/wp-content\/uploads\/2025\/03\/cropped-logo-site-mag2-1.png","width":320,"height":90,"caption":"Pol\u00edcia Militar da Para\u00edba"},"image":{"@id":"https:\/\/www.pm.pb.gov.br\/portal\/#\/schema\/logo\/image\/"}},{"@type":"Person","@id":"https:\/\/www.pm.pb.gov.br\/portal\/#\/schema\/person\/e8454f46651c3ecf0e1ba3c1666d9947","name":"Assessoria de Imprensa da PMPB","image":{"@type":"ImageObject","inLanguage":"pt-BR","@id":"https:\/\/www.pm.pb.gov.br\/portal\/#\/schema\/person\/image\/","url":"https:\/\/secure.gravatar.com\/avatar\/2efe197438265d1e90bd98c4c8e1acf8?s=96&d=mm&r=g","contentUrl":"https:\/\/secure.gravatar.com\/avatar\/2efe197438265d1e90bd98c4c8e1acf8?s=96&d=mm&r=g","caption":"Assessoria de Imprensa da PMPB"},"url":"https:\/\/www.pm.pb.gov.br\/portal\/author\/assessoria\/"}]}},"_links":{"self":[{"href":"https:\/\/www.pm.pb.gov.br\/portal\/wp-json\/wp\/v2\/posts\/4391"}],"collection":[{"href":"https:\/\/www.pm.pb.gov.br\/portal\/wp-json\/wp\/v2\/posts"}],"about":[{"href":"https:\/\/www.pm.pb.gov.br\/portal\/wp-json\/wp\/v2\/types\/post"}],"author":[{"embeddable":true,"href":"https:\/\/www.pm.pb.gov.br\/portal\/wp-json\/wp\/v2\/users\/5"}],"replies":[{"embeddable":true,"href":"https:\/\/www.pm.pb.gov.br\/portal\/wp-json\/wp\/v2\/comments?post=4391"}],"version-history":[{"count":0,"href":"https:\/\/www.pm.pb.gov.br\/portal\/wp-json\/wp\/v2\/posts\/4391\/revisions"}],"wp:featuredmedia":[{"embeddable":true,"href":"https:\/\/www.pm.pb.gov.br\/portal\/wp-json\/wp\/v2\/media\/4998"}],"wp:attachment":[{"href":"https:\/\/www.pm.pb.gov.br\/portal\/wp-json\/wp\/v2\/media?parent=4391"}],"wp:term":[{"taxonomy":"category","embeddable":true,"href":"https:\/\/www.pm.pb.gov.br\/portal\/wp-json\/wp\/v2\/categories?post=4391"},{"taxonomy":"post_tag","embeddable":true,"href":"https:\/\/www.pm.pb.gov.br\/portal\/wp-json\/wp\/v2\/tags?post=4391"}],"curies":[{"name":"wp","href":"https:\/\/api.w.org\/{rel}","templated":true}]}}