{"id":4390,"date":"2010-02-09T08:02:48","date_gmt":"2010-02-09T11:02:48","guid":{"rendered":"http:\/\/www.pm.pb.gov.br\/portal\/2010\/02\/comandante_geral_visita_presidente_do_tribunal_de_justica\/"},"modified":"2010-02-09T08:02:48","modified_gmt":"2010-02-09T11:02:48","slug":"comandante_geral_visita_presidente_do_tribunal_de_justica","status":"publish","type":"post","link":"https:\/\/www.pm.pb.gov.br\/portal\/2010\/02\/09\/comandante_geral_visita_presidente_do_tribunal_de_justica\/","title":{"rendered":"Comandante geral visita presidente do Tribunal de Justi\u00e7a"},"content":{"rendered":"<div style=\"text-align: justify;\">\n<p>O presidente do Tribunal de Justi\u00e7a da Para\u00edba, desembargador Luiz Silvio Ramalho J\u00fanior, recebeu, na tarde desta segunda-feira (08), a visita do comandante-geral da Pol\u00edcia Militar da Para\u00edba, Cel. Wilde de Oliveira Monteiro. O objetivo foi solicitar a cess\u00e3o de uso do im\u00f3vel onde funciona, hoje, o F\u00f3rum da cidade de Bayeux, localizado na Avenida Liberdade, que ficar\u00e1 desocupado, com a inaugura\u00e7\u00e3o da sua nova sede prevista para o m\u00eas de agosto deste ano.<\/p>\n<p>Segundo o comandante-geral, a cess\u00e3o ir\u00e1 proporcionar a instala\u00e7\u00e3o de uma nova base estrat\u00e9gica para a Pol\u00edcia Militar,  vinculada ao 1\u00ba BPM.<\/p>\n<p>O presidente do TJPB, desembargador Ramalho Junior, disse que o pedido ser\u00e1 encaminhado ao setor competente para an\u00e1lise. De antem\u00e3o, assegurou que via com bons olhos a iniciativa da PM. \u0093A instala\u00e7\u00e3o de uma base da Pol\u00edcia Militar naquela cidade ir\u00e1 fortalecer bastante os moradores e os jurisdicionados, que ter\u00e3o uma maior seguran\u00e7a\u0094, disse o presidente do TJ.<\/p>\n<p>Na oportunidade, o comandante-geral, Cel. Wilde de Oliveira Monteiro, agradeceu ao desembargador Ramalho J\u00fanior as cess\u00f5es de uso dos ve\u00edculos oficiais, bem como dos m\u00f3veis que foram cedidos, recentemente, \u00e0quela Coorpora\u00e7\u00e3o.<\/p>\n<p>Da reuni\u00e3o, que contou com a presen\u00e7a do chefe da Assessoria Militar do Tribunal de Justi\u00e7a, Cel. Gilberto Moura, participaram, tamb\u00e9m, a sub-tenente Elizete da Silva, o capit\u00e3o Jos\u00e9lio C\u00e9sar e o Ten. Felipe, assessor do comandante-geral.<\/p>\n<div class=\"row\" align=\"center\"><\/div>\n<\/div>\n","protected":false},"excerpt":{"rendered":"<p>O presidente do Tribunal de Justi\u00e7a da Para\u00edba, desembargador Luiz Silvio Ramalho J\u00fanior, recebeu, na tarde desta segunda-feira (08), a<\/p>\n","protected":false},"author":5,"featured_media":889132,"comment_status":"closed","ping_status":"closed","sticky":false,"template":"","format":"standard","meta":{"_exactmetrics_skip_tracking":false,"_exactmetrics_sitenote_active":false,"_exactmetrics_sitenote_note":"","_exactmetrics_sitenote_category":0,"footnotes":""},"categories":[13],"tags":[],"yoast_head":"<!-- This site is optimized with the Yoast SEO plugin v22.0 - https:\/\/yoast.com\/wordpress\/plugins\/seo\/ -->\n<title>Comandante geral visita presidente do Tribunal de Justi\u00e7a - Pol\u00edcia Militar da Para\u00edba<\/title>\n<meta name=\"robots\" content=\"index, follow, max-snippet:-1, max-image-preview:large, max-video-preview:-1\" \/>\n<link rel=\"canonical\" href=\"https:\/\/www.pm.pb.gov.br\/portal\/2010\/02\/09\/comandante_geral_visita_presidente_do_tribunal_de_justica\/\" \/>\n<meta property=\"og:locale\" content=\"pt_BR\" \/>\n<meta property=\"og:type\" content=\"article\" \/>\n<meta property=\"og:title\" content=\"Comandante geral visita presidente do Tribunal de Justi\u00e7a - Pol\u00edcia Militar da Para\u00edba\" \/>\n<meta property=\"og:description\" content=\"O presidente do Tribunal de Justi\u00e7a da Para\u00edba, desembargador Luiz Silvio Ramalho J\u00fanior, recebeu, na tarde desta segunda-feira (08), a\" \/>\n<meta property=\"og:url\" content=\"https:\/\/www.pm.pb.gov.br\/portal\/2010\/02\/09\/comandante_geral_visita_presidente_do_tribunal_de_justica\/\" \/>\n<meta property=\"og:site_name\" content=\"Pol\u00edcia Militar da Para\u00edba\" \/>\n<meta property=\"article:published_time\" content=\"2010-02-09T11:02:48+00:00\" \/>\n<meta property=\"og:image\" content=\"https:\/\/www.pm.pb.gov.br\/portal\/wp-content\/uploads\/2010\/02\/foto_brasao-37.jpg\" \/>\n\t<meta property=\"og:image:width\" content=\"620\" \/>\n\t<meta property=\"og:image:height\" content=\"411\" \/>\n\t<meta property=\"og:image:type\" content=\"image\/jpeg\" \/>\n<meta name=\"author\" content=\"Assessoria de Imprensa da PMPB\" \/>\n<meta name=\"twitter:card\" content=\"summary_large_image\" \/>\n<meta name=\"twitter:label1\" content=\"Escrito por\" \/>\n\t<meta name=\"twitter:data1\" content=\"Assessoria de Imprensa da PMPB\" \/>\n\t<meta name=\"twitter:label2\" content=\"Est. tempo de leitura\" \/>\n\t<meta name=\"twitter:data2\" content=\"1 minuto\" \/>\n<script type=\"application\/ld+json\" class=\"yoast-schema-graph\">{\"@context\":\"https:\/\/schema.org\",\"@graph\":[{\"@type\":\"Article\",\"@id\":\"https:\/\/www.pm.pb.gov.br\/portal\/2010\/02\/09\/comandante_geral_visita_presidente_do_tribunal_de_justica\/#article\",\"isPartOf\":{\"@id\":\"https:\/\/www.pm.pb.gov.br\/portal\/2010\/02\/09\/comandante_geral_visita_presidente_do_tribunal_de_justica\/\"},\"author\":{\"name\":\"Assessoria de Imprensa da PMPB\",\"@id\":\"https:\/\/www.pm.pb.gov.br\/portal\/#\/schema\/person\/e8454f46651c3ecf0e1ba3c1666d9947\"},\"headline\":\"Comandante geral visita presidente do Tribunal de Justi\u00e7a\",\"datePublished\":\"2010-02-09T11:02:48+00:00\",\"dateModified\":\"2010-02-09T11:02:48+00:00\",\"mainEntityOfPage\":{\"@id\":\"https:\/\/www.pm.pb.gov.br\/portal\/2010\/02\/09\/comandante_geral_visita_presidente_do_tribunal_de_justica\/\"},\"wordCount\":261,\"publisher\":{\"@id\":\"https:\/\/www.pm.pb.gov.br\/portal\/#organization\"},\"articleSection\":[\"Visitas Especiais\"],\"inLanguage\":\"pt-BR\"},{\"@type\":\"WebPage\",\"@id\":\"https:\/\/www.pm.pb.gov.br\/portal\/2010\/02\/09\/comandante_geral_visita_presidente_do_tribunal_de_justica\/\",\"url\":\"https:\/\/www.pm.pb.gov.br\/portal\/2010\/02\/09\/comandante_geral_visita_presidente_do_tribunal_de_justica\/\",\"name\":\"Comandante geral visita presidente do Tribunal de Justi\u00e7a - Pol\u00edcia Militar da Para\u00edba\",\"isPartOf\":{\"@id\":\"https:\/\/www.pm.pb.gov.br\/portal\/#website\"},\"datePublished\":\"2010-02-09T11:02:48+00:00\",\"dateModified\":\"2010-02-09T11:02:48+00:00\",\"breadcrumb\":{\"@id\":\"https:\/\/www.pm.pb.gov.br\/portal\/2010\/02\/09\/comandante_geral_visita_presidente_do_tribunal_de_justica\/#breadcrumb\"},\"inLanguage\":\"pt-BR\",\"potentialAction\":[{\"@type\":\"ReadAction\",\"target\":[\"https:\/\/www.pm.pb.gov.br\/portal\/2010\/02\/09\/comandante_geral_visita_presidente_do_tribunal_de_justica\/\"]}]},{\"@type\":\"BreadcrumbList\",\"@id\":\"https:\/\/www.pm.pb.gov.br\/portal\/2010\/02\/09\/comandante_geral_visita_presidente_do_tribunal_de_justica\/#breadcrumb\",\"itemListElement\":[{\"@type\":\"ListItem\",\"position\":1,\"name\":\"In\u00edcio\",\"item\":\"https:\/\/www.pm.pb.gov.br\/portal\/\"},{\"@type\":\"ListItem\",\"position\":2,\"name\":\"Comandante geral visita presidente do Tribunal de Justi\u00e7a\"}]},{\"@type\":\"WebSite\",\"@id\":\"https:\/\/www.pm.pb.gov.br\/portal\/#website\",\"url\":\"https:\/\/www.pm.pb.gov.br\/portal\/\",\"name\":\"Pol\u00edcia Militar da Para\u00edba\",\"description\":\"\",\"publisher\":{\"@id\":\"https:\/\/www.pm.pb.gov.br\/portal\/#organization\"},\"potentialAction\":[{\"@type\":\"SearchAction\",\"target\":{\"@type\":\"EntryPoint\",\"urlTemplate\":\"https:\/\/www.pm.pb.gov.br\/portal\/?s={search_term_string}\"},\"query-input\":\"required name=search_term_string\"}],\"inLanguage\":\"pt-BR\"},{\"@type\":\"Organization\",\"@id\":\"https:\/\/www.pm.pb.gov.br\/portal\/#organization\",\"name\":\"Pol\u00edcia Militar da Para\u00edba\",\"url\":\"https:\/\/www.pm.pb.gov.br\/portal\/\",\"logo\":{\"@type\":\"ImageObject\",\"inLanguage\":\"pt-BR\",\"@id\":\"https:\/\/www.pm.pb.gov.br\/portal\/#\/schema\/logo\/image\/\",\"url\":\"https:\/\/www.pm.pb.gov.br\/portal\/wp-content\/uploads\/2025\/03\/cropped-logo-site-mag2-1.png\",\"contentUrl\":\"https:\/\/www.pm.pb.gov.br\/portal\/wp-content\/uploads\/2025\/03\/cropped-logo-site-mag2-1.png\",\"width\":320,\"height\":90,\"caption\":\"Pol\u00edcia Militar da Para\u00edba\"},\"image\":{\"@id\":\"https:\/\/www.pm.pb.gov.br\/portal\/#\/schema\/logo\/image\/\"}},{\"@type\":\"Person\",\"@id\":\"https:\/\/www.pm.pb.gov.br\/portal\/#\/schema\/person\/e8454f46651c3ecf0e1ba3c1666d9947\",\"name\":\"Assessoria de Imprensa da PMPB\",\"image\":{\"@type\":\"ImageObject\",\"inLanguage\":\"pt-BR\",\"@id\":\"https:\/\/www.pm.pb.gov.br\/portal\/#\/schema\/person\/image\/\",\"url\":\"https:\/\/secure.gravatar.com\/avatar\/2efe197438265d1e90bd98c4c8e1acf8?s=96&d=mm&r=g\",\"contentUrl\":\"https:\/\/secure.gravatar.com\/avatar\/2efe197438265d1e90bd98c4c8e1acf8?s=96&d=mm&r=g\",\"caption\":\"Assessoria de Imprensa da PMPB\"},\"url\":\"https:\/\/www.pm.pb.gov.br\/portal\/author\/assessoria\/\"}]}<\/script>\n<!-- \/ Yoast SEO plugin. -->","yoast_head_json":{"title":"Comandante geral visita presidente do Tribunal de Justi\u00e7a - Pol\u00edcia Militar da Para\u00edba","robots":{"index":"index","follow":"follow","max-snippet":"max-snippet:-1","max-image-preview":"max-image-preview:large","max-video-preview":"max-video-preview:-1"},"canonical":"https:\/\/www.pm.pb.gov.br\/portal\/2010\/02\/09\/comandante_geral_visita_presidente_do_tribunal_de_justica\/","og_locale":"pt_BR","og_type":"article","og_title":"Comandante geral visita presidente do Tribunal de Justi\u00e7a - Pol\u00edcia Militar da Para\u00edba","og_description":"O presidente do Tribunal de Justi\u00e7a da Para\u00edba, desembargador Luiz Silvio Ramalho J\u00fanior, recebeu, na tarde desta segunda-feira (08), a","og_url":"https:\/\/www.pm.pb.gov.br\/portal\/2010\/02\/09\/comandante_geral_visita_presidente_do_tribunal_de_justica\/","og_site_name":"Pol\u00edcia Militar da Para\u00edba","article_published_time":"2010-02-09T11:02:48+00:00","og_image":[{"width":620,"height":411,"url":"https:\/\/www.pm.pb.gov.br\/portal\/wp-content\/uploads\/2010\/02\/foto_brasao-37.jpg","type":"image\/jpeg"}],"author":"Assessoria de Imprensa da PMPB","twitter_card":"summary_large_image","twitter_misc":{"Escrito por":"Assessoria de Imprensa da PMPB","Est. tempo de leitura":"1 minuto"},"schema":{"@context":"https:\/\/schema.org","@graph":[{"@type":"Article","@id":"https:\/\/www.pm.pb.gov.br\/portal\/2010\/02\/09\/comandante_geral_visita_presidente_do_tribunal_de_justica\/#article","isPartOf":{"@id":"https:\/\/www.pm.pb.gov.br\/portal\/2010\/02\/09\/comandante_geral_visita_presidente_do_tribunal_de_justica\/"},"author":{"name":"Assessoria de Imprensa da PMPB","@id":"https:\/\/www.pm.pb.gov.br\/portal\/#\/schema\/person\/e8454f46651c3ecf0e1ba3c1666d9947"},"headline":"Comandante geral visita presidente do Tribunal de Justi\u00e7a","datePublished":"2010-02-09T11:02:48+00:00","dateModified":"2010-02-09T11:02:48+00:00","mainEntityOfPage":{"@id":"https:\/\/www.pm.pb.gov.br\/portal\/2010\/02\/09\/comandante_geral_visita_presidente_do_tribunal_de_justica\/"},"wordCount":261,"publisher":{"@id":"https:\/\/www.pm.pb.gov.br\/portal\/#organization"},"articleSection":["Visitas Especiais"],"inLanguage":"pt-BR"},{"@type":"WebPage","@id":"https:\/\/www.pm.pb.gov.br\/portal\/2010\/02\/09\/comandante_geral_visita_presidente_do_tribunal_de_justica\/","url":"https:\/\/www.pm.pb.gov.br\/portal\/2010\/02\/09\/comandante_geral_visita_presidente_do_tribunal_de_justica\/","name":"Comandante geral visita presidente do Tribunal de Justi\u00e7a - Pol\u00edcia Militar da Para\u00edba","isPartOf":{"@id":"https:\/\/www.pm.pb.gov.br\/portal\/#website"},"datePublished":"2010-02-09T11:02:48+00:00","dateModified":"2010-02-09T11:02:48+00:00","breadcrumb":{"@id":"https:\/\/www.pm.pb.gov.br\/portal\/2010\/02\/09\/comandante_geral_visita_presidente_do_tribunal_de_justica\/#breadcrumb"},"inLanguage":"pt-BR","potentialAction":[{"@type":"ReadAction","target":["https:\/\/www.pm.pb.gov.br\/portal\/2010\/02\/09\/comandante_geral_visita_presidente_do_tribunal_de_justica\/"]}]},{"@type":"BreadcrumbList","@id":"https:\/\/www.pm.pb.gov.br\/portal\/2010\/02\/09\/comandante_geral_visita_presidente_do_tribunal_de_justica\/#breadcrumb","itemListElement":[{"@type":"ListItem","position":1,"name":"In\u00edcio","item":"https:\/\/www.pm.pb.gov.br\/portal\/"},{"@type":"ListItem","position":2,"name":"Comandante geral visita presidente do Tribunal de Justi\u00e7a"}]},{"@type":"WebSite","@id":"https:\/\/www.pm.pb.gov.br\/portal\/#website","url":"https:\/\/www.pm.pb.gov.br\/portal\/","name":"Pol\u00edcia Militar da Para\u00edba","description":"","publisher":{"@id":"https:\/\/www.pm.pb.gov.br\/portal\/#organization"},"potentialAction":[{"@type":"SearchAction","target":{"@type":"EntryPoint","urlTemplate":"https:\/\/www.pm.pb.gov.br\/portal\/?s={search_term_string}"},"query-input":"required name=search_term_string"}],"inLanguage":"pt-BR"},{"@type":"Organization","@id":"https:\/\/www.pm.pb.gov.br\/portal\/#organization","name":"Pol\u00edcia Militar da Para\u00edba","url":"https:\/\/www.pm.pb.gov.br\/portal\/","logo":{"@type":"ImageObject","inLanguage":"pt-BR","@id":"https:\/\/www.pm.pb.gov.br\/portal\/#\/schema\/logo\/image\/","url":"https:\/\/www.pm.pb.gov.br\/portal\/wp-content\/uploads\/2025\/03\/cropped-logo-site-mag2-1.png","contentUrl":"https:\/\/www.pm.pb.gov.br\/portal\/wp-content\/uploads\/2025\/03\/cropped-logo-site-mag2-1.png","width":320,"height":90,"caption":"Pol\u00edcia Militar da Para\u00edba"},"image":{"@id":"https:\/\/www.pm.pb.gov.br\/portal\/#\/schema\/logo\/image\/"}},{"@type":"Person","@id":"https:\/\/www.pm.pb.gov.br\/portal\/#\/schema\/person\/e8454f46651c3ecf0e1ba3c1666d9947","name":"Assessoria de Imprensa da PMPB","image":{"@type":"ImageObject","inLanguage":"pt-BR","@id":"https:\/\/www.pm.pb.gov.br\/portal\/#\/schema\/person\/image\/","url":"https:\/\/secure.gravatar.com\/avatar\/2efe197438265d1e90bd98c4c8e1acf8?s=96&d=mm&r=g","contentUrl":"https:\/\/secure.gravatar.com\/avatar\/2efe197438265d1e90bd98c4c8e1acf8?s=96&d=mm&r=g","caption":"Assessoria de Imprensa da PMPB"},"url":"https:\/\/www.pm.pb.gov.br\/portal\/author\/assessoria\/"}]}},"_links":{"self":[{"href":"https:\/\/www.pm.pb.gov.br\/portal\/wp-json\/wp\/v2\/posts\/4390"}],"collection":[{"href":"https:\/\/www.pm.pb.gov.br\/portal\/wp-json\/wp\/v2\/posts"}],"about":[{"href":"https:\/\/www.pm.pb.gov.br\/portal\/wp-json\/wp\/v2\/types\/post"}],"author":[{"embeddable":true,"href":"https:\/\/www.pm.pb.gov.br\/portal\/wp-json\/wp\/v2\/users\/5"}],"replies":[{"embeddable":true,"href":"https:\/\/www.pm.pb.gov.br\/portal\/wp-json\/wp\/v2\/comments?post=4390"}],"version-history":[{"count":0,"href":"https:\/\/www.pm.pb.gov.br\/portal\/wp-json\/wp\/v2\/posts\/4390\/revisions"}],"wp:featuredmedia":[{"embeddable":true,"href":"https:\/\/www.pm.pb.gov.br\/portal\/wp-json\/wp\/v2\/media\/889132"}],"wp:attachment":[{"href":"https:\/\/www.pm.pb.gov.br\/portal\/wp-json\/wp\/v2\/media?parent=4390"}],"wp:term":[{"taxonomy":"category","embeddable":true,"href":"https:\/\/www.pm.pb.gov.br\/portal\/wp-json\/wp\/v2\/categories?post=4390"},{"taxonomy":"post_tag","embeddable":true,"href":"https:\/\/www.pm.pb.gov.br\/portal\/wp-json\/wp\/v2\/tags?post=4390"}],"curies":[{"name":"wp","href":"https:\/\/api.w.org\/{rel}","templated":true}]}}