{"id":4389,"date":"2010-02-09T08:02:13","date_gmt":"2010-02-09T11:02:13","guid":{"rendered":"http:\/\/www.pm.pb.gov.br\/portal\/2010\/02\/policia_considera_tranquila_as_previas_carnavalescas_na_capital\/"},"modified":"2010-02-09T08:02:13","modified_gmt":"2010-02-09T11:02:13","slug":"policia_considera_tranquila_as_previas_carnavalescas_na_capital","status":"publish","type":"post","link":"https:\/\/www.pm.pb.gov.br\/portal\/2010\/02\/09\/policia_considera_tranquila_as_previas_carnavalescas_na_capital\/","title":{"rendered":"Pol\u00edcia considera tranq\u00fcila as pr\u00e9vias carnavalescas na Capital"},"content":{"rendered":"<div style=\"text-align: justify;\">\nAs autoridades policiais consideraram tranquilos os festejos pr\u00e9-carnavalescos realizados em Jo\u00e3o Pessoa no final de semana que passou. Nas \u00e1reas onde houve desfile de blocos, as delegacias registraram apenas queixas de perda de documentos e pequenos furtos. Para o comandante do 1\u00ba Batalh\u00e3o de Pol\u00edcia Militar da Para\u00edba, coronel Carlos Am\u00e9rico, esse clima de paz \u00e9 resultado do esquema de seguran\u00e7a montado pela Secretaria da Seguran\u00e7a e da Defesa Social (SEDS). S\u00f3 a PM colocou mais de mil homens nas ruas para garantir a ordem durante a folia.<\/p>\n<p>\u0093N\u00e3o houve nem pris\u00f5es ou apreens\u00f5es. Os policiais apenas precisaram conter os foli\u00f5es que se envolveram em brigas durante a festa\u0094, destaca o comandante. A falta de ocorr\u00eancias graves foi percebida at\u00e9 nas delegacias de Tamba\u00fa e da Avenida Epit\u00e1cio Pessoa, localizadas pr\u00f3ximas ao percurso do bloco \u0091Virgens de Tamba\u00fa\u0092 no \u00faltimo domingo (7).<\/p>\n<p>\u0093Registramos queixas relacionadas a perda de documentos e pequenos furtos, crimes considerados de menor gravidade e sem viol\u00eancia. Isso \u00e9 muito positivo, porque em anos anteriores o desfile do bloco foi marcado por muitas ocorr\u00eancias graves\u0094, destaca Francisco Deusdete, delegado adjunto da 3\u00aa Delegacia Distrital, localizada na Epit\u00e1cio Pessoa. O mesmo ocorreu na 10\u00aa Delegacia Distrital, instalada em Tamba\u00fa. No local, n\u00e3o foram registradas queixas relacionadas a crimes de maior potencial ofensivo.<\/p>\n<p>Policiamento \u0096 A Pol\u00edcia Militar empregou todas as modalidades de policiamento na seguran\u00e7a dos festejos pr\u00e9-carnavalescos. Equipes da Radiopatrulha, Ciclopatrulha, Cavalaria, Canil, Rotam e Choque acompanharam de perto o percurso dos blocos para inibir a a\u00e7\u00e3o de bandidos.<\/p>\n<p>A opera\u00e7\u00e3o contou at\u00e9 com a presen\u00e7a de policiais do Servi\u00e7o de Intelig\u00eancia da PM. Agentes \u00e0 paisana se infiltraram na multid\u00e3o para identificar traficantes de drogas, portadores de armas e os chamados \u0091lanceiros\u0092, criminosos que praticam pequenos furtos no meio da agita\u00e7\u00e3o.<\/p>\n<p>Refor\u00e7o \u0096 Al\u00e9m disso, a Secretaria da Seguran\u00e7a e da Defesa Social refor\u00e7ou o plant\u00e3o nas delegacias, determinou o uso de delegacias m\u00f3veis nos trechos de grande concentra\u00e7\u00e3o de pessoas e colocou equipes do Grupo de Opera\u00e7\u00f5es Especiais (Goe) nas ruas.<\/p>\n<p>Segundo o coronel Am\u00e9rico, a previs\u00e3o \u00e9 que o Carnaval tamb\u00e9m transcorra de forma tranquila. \u0093Iremos colocar mais de mil homens nas ruas, al\u00e9m de redobrar a fiscaliza\u00e7\u00e3o em todos os pontos onde houver festas. A determina\u00e7\u00e3o do Governo \u00e9 que todo o efetivo da tropa seja empregado para garantir uma festa de paz\u0094, declara.<\/p>\n<p>Alerta \u0096 De acordo com o delegado Francisco Deusdete, a perda de documentos foi a maior respons\u00e1vel pelas queixas registradas nesse final de semana. Ele orienta que as pessoas evitem ir para a folia portando muita documenta\u00e7\u00e3o. \u0093O ideal \u00e9 que elas levem uma c\u00f3pia da c\u00e9dula de identidade autenticada. Se isso n\u00e3o for poss\u00edvel, devem levar apenas a identidade. Tamb\u00e9m precisam levar pouco dinheiro. Apenas a quantidade suficiente que ser\u00e1 usada naquela noite\u0094, aconselha.<\/p>\n<div class=\"row\" align=\"center\"><\/div>\n<\/div>\n","protected":false},"excerpt":{"rendered":"<p>As autoridades policiais consideraram tranquilos os festejos pr\u00e9-carnavalescos realizados em Jo\u00e3o Pessoa no final de semana que passou. Nas \u00e1reas<\/p>\n","protected":false},"author":5,"featured_media":889132,"comment_status":"closed","ping_status":"closed","sticky":false,"template":"","format":"standard","meta":{"_exactmetrics_skip_tracking":false,"_exactmetrics_sitenote_active":false,"_exactmetrics_sitenote_note":"","_exactmetrics_sitenote_category":0,"footnotes":""},"categories":[4],"tags":[],"yoast_head":"<!-- This site is optimized with the Yoast SEO plugin v22.0 - https:\/\/yoast.com\/wordpress\/plugins\/seo\/ -->\n<title>Pol\u00edcia considera tranq\u00fcila as pr\u00e9vias carnavalescas na Capital - Pol\u00edcia Militar da Para\u00edba<\/title>\n<meta name=\"robots\" content=\"index, follow, max-snippet:-1, max-image-preview:large, max-video-preview:-1\" \/>\n<link rel=\"canonical\" href=\"https:\/\/www.pm.pb.gov.br\/portal\/2010\/02\/09\/policia_considera_tranquila_as_previas_carnavalescas_na_capital\/\" \/>\n<meta property=\"og:locale\" content=\"pt_BR\" \/>\n<meta property=\"og:type\" content=\"article\" \/>\n<meta property=\"og:title\" content=\"Pol\u00edcia considera tranq\u00fcila as pr\u00e9vias carnavalescas na Capital - Pol\u00edcia Militar da Para\u00edba\" \/>\n<meta property=\"og:description\" content=\"As autoridades policiais consideraram tranquilos os festejos pr\u00e9-carnavalescos realizados em Jo\u00e3o Pessoa no final de semana que passou. Nas \u00e1reas\" \/>\n<meta property=\"og:url\" content=\"https:\/\/www.pm.pb.gov.br\/portal\/2010\/02\/09\/policia_considera_tranquila_as_previas_carnavalescas_na_capital\/\" \/>\n<meta property=\"og:site_name\" content=\"Pol\u00edcia Militar da Para\u00edba\" \/>\n<meta property=\"article:published_time\" content=\"2010-02-09T11:02:13+00:00\" \/>\n<meta property=\"og:image\" content=\"https:\/\/www.pm.pb.gov.br\/portal\/wp-content\/uploads\/2010\/02\/foto_brasao-37.jpg\" \/>\n\t<meta property=\"og:image:width\" content=\"620\" \/>\n\t<meta property=\"og:image:height\" content=\"411\" \/>\n\t<meta property=\"og:image:type\" content=\"image\/jpeg\" \/>\n<meta name=\"author\" content=\"Assessoria de Imprensa da PMPB\" \/>\n<meta name=\"twitter:card\" content=\"summary_large_image\" \/>\n<meta name=\"twitter:label1\" content=\"Escrito por\" \/>\n\t<meta name=\"twitter:data1\" content=\"Assessoria de Imprensa da PMPB\" \/>\n\t<meta name=\"twitter:label2\" content=\"Est. tempo de leitura\" \/>\n\t<meta name=\"twitter:data2\" content=\"3 minutos\" \/>\n<script type=\"application\/ld+json\" class=\"yoast-schema-graph\">{\"@context\":\"https:\/\/schema.org\",\"@graph\":[{\"@type\":\"Article\",\"@id\":\"https:\/\/www.pm.pb.gov.br\/portal\/2010\/02\/09\/policia_considera_tranquila_as_previas_carnavalescas_na_capital\/#article\",\"isPartOf\":{\"@id\":\"https:\/\/www.pm.pb.gov.br\/portal\/2010\/02\/09\/policia_considera_tranquila_as_previas_carnavalescas_na_capital\/\"},\"author\":{\"name\":\"Assessoria de Imprensa da PMPB\",\"@id\":\"https:\/\/www.pm.pb.gov.br\/portal\/#\/schema\/person\/e8454f46651c3ecf0e1ba3c1666d9947\"},\"headline\":\"Pol\u00edcia considera tranq\u00fcila as pr\u00e9vias carnavalescas na Capital\",\"datePublished\":\"2010-02-09T11:02:13+00:00\",\"dateModified\":\"2010-02-09T11:02:13+00:00\",\"mainEntityOfPage\":{\"@id\":\"https:\/\/www.pm.pb.gov.br\/portal\/2010\/02\/09\/policia_considera_tranquila_as_previas_carnavalescas_na_capital\/\"},\"wordCount\":514,\"publisher\":{\"@id\":\"https:\/\/www.pm.pb.gov.br\/portal\/#organization\"},\"articleSection\":[\"A\u00e7\u00f5es Policiais\"],\"inLanguage\":\"pt-BR\"},{\"@type\":\"WebPage\",\"@id\":\"https:\/\/www.pm.pb.gov.br\/portal\/2010\/02\/09\/policia_considera_tranquila_as_previas_carnavalescas_na_capital\/\",\"url\":\"https:\/\/www.pm.pb.gov.br\/portal\/2010\/02\/09\/policia_considera_tranquila_as_previas_carnavalescas_na_capital\/\",\"name\":\"Pol\u00edcia considera tranq\u00fcila as pr\u00e9vias carnavalescas na Capital - Pol\u00edcia Militar da Para\u00edba\",\"isPartOf\":{\"@id\":\"https:\/\/www.pm.pb.gov.br\/portal\/#website\"},\"datePublished\":\"2010-02-09T11:02:13+00:00\",\"dateModified\":\"2010-02-09T11:02:13+00:00\",\"breadcrumb\":{\"@id\":\"https:\/\/www.pm.pb.gov.br\/portal\/2010\/02\/09\/policia_considera_tranquila_as_previas_carnavalescas_na_capital\/#breadcrumb\"},\"inLanguage\":\"pt-BR\",\"potentialAction\":[{\"@type\":\"ReadAction\",\"target\":[\"https:\/\/www.pm.pb.gov.br\/portal\/2010\/02\/09\/policia_considera_tranquila_as_previas_carnavalescas_na_capital\/\"]}]},{\"@type\":\"BreadcrumbList\",\"@id\":\"https:\/\/www.pm.pb.gov.br\/portal\/2010\/02\/09\/policia_considera_tranquila_as_previas_carnavalescas_na_capital\/#breadcrumb\",\"itemListElement\":[{\"@type\":\"ListItem\",\"position\":1,\"name\":\"In\u00edcio\",\"item\":\"https:\/\/www.pm.pb.gov.br\/portal\/\"},{\"@type\":\"ListItem\",\"position\":2,\"name\":\"Pol\u00edcia considera tranq\u00fcila as pr\u00e9vias carnavalescas na Capital\"}]},{\"@type\":\"WebSite\",\"@id\":\"https:\/\/www.pm.pb.gov.br\/portal\/#website\",\"url\":\"https:\/\/www.pm.pb.gov.br\/portal\/\",\"name\":\"Pol\u00edcia Militar da Para\u00edba\",\"description\":\"\",\"publisher\":{\"@id\":\"https:\/\/www.pm.pb.gov.br\/portal\/#organization\"},\"potentialAction\":[{\"@type\":\"SearchAction\",\"target\":{\"@type\":\"EntryPoint\",\"urlTemplate\":\"https:\/\/www.pm.pb.gov.br\/portal\/?s={search_term_string}\"},\"query-input\":\"required name=search_term_string\"}],\"inLanguage\":\"pt-BR\"},{\"@type\":\"Organization\",\"@id\":\"https:\/\/www.pm.pb.gov.br\/portal\/#organization\",\"name\":\"Pol\u00edcia Militar da Para\u00edba\",\"url\":\"https:\/\/www.pm.pb.gov.br\/portal\/\",\"logo\":{\"@type\":\"ImageObject\",\"inLanguage\":\"pt-BR\",\"@id\":\"https:\/\/www.pm.pb.gov.br\/portal\/#\/schema\/logo\/image\/\",\"url\":\"https:\/\/www.pm.pb.gov.br\/portal\/wp-content\/uploads\/2025\/03\/cropped-logo-site-mag2-1.png\",\"contentUrl\":\"https:\/\/www.pm.pb.gov.br\/portal\/wp-content\/uploads\/2025\/03\/cropped-logo-site-mag2-1.png\",\"width\":320,\"height\":90,\"caption\":\"Pol\u00edcia Militar da Para\u00edba\"},\"image\":{\"@id\":\"https:\/\/www.pm.pb.gov.br\/portal\/#\/schema\/logo\/image\/\"}},{\"@type\":\"Person\",\"@id\":\"https:\/\/www.pm.pb.gov.br\/portal\/#\/schema\/person\/e8454f46651c3ecf0e1ba3c1666d9947\",\"name\":\"Assessoria de Imprensa da PMPB\",\"image\":{\"@type\":\"ImageObject\",\"inLanguage\":\"pt-BR\",\"@id\":\"https:\/\/www.pm.pb.gov.br\/portal\/#\/schema\/person\/image\/\",\"url\":\"https:\/\/secure.gravatar.com\/avatar\/2efe197438265d1e90bd98c4c8e1acf8?s=96&d=mm&r=g\",\"contentUrl\":\"https:\/\/secure.gravatar.com\/avatar\/2efe197438265d1e90bd98c4c8e1acf8?s=96&d=mm&r=g\",\"caption\":\"Assessoria de Imprensa da PMPB\"},\"url\":\"https:\/\/www.pm.pb.gov.br\/portal\/author\/assessoria\/\"}]}<\/script>\n<!-- \/ Yoast SEO plugin. -->","yoast_head_json":{"title":"Pol\u00edcia considera tranq\u00fcila as pr\u00e9vias carnavalescas na Capital - Pol\u00edcia Militar da Para\u00edba","robots":{"index":"index","follow":"follow","max-snippet":"max-snippet:-1","max-image-preview":"max-image-preview:large","max-video-preview":"max-video-preview:-1"},"canonical":"https:\/\/www.pm.pb.gov.br\/portal\/2010\/02\/09\/policia_considera_tranquila_as_previas_carnavalescas_na_capital\/","og_locale":"pt_BR","og_type":"article","og_title":"Pol\u00edcia considera tranq\u00fcila as pr\u00e9vias carnavalescas na Capital - Pol\u00edcia Militar da Para\u00edba","og_description":"As autoridades policiais consideraram tranquilos os festejos pr\u00e9-carnavalescos realizados em Jo\u00e3o Pessoa no final de semana que passou. Nas \u00e1reas","og_url":"https:\/\/www.pm.pb.gov.br\/portal\/2010\/02\/09\/policia_considera_tranquila_as_previas_carnavalescas_na_capital\/","og_site_name":"Pol\u00edcia Militar da Para\u00edba","article_published_time":"2010-02-09T11:02:13+00:00","og_image":[{"width":620,"height":411,"url":"https:\/\/www.pm.pb.gov.br\/portal\/wp-content\/uploads\/2010\/02\/foto_brasao-37.jpg","type":"image\/jpeg"}],"author":"Assessoria de Imprensa da PMPB","twitter_card":"summary_large_image","twitter_misc":{"Escrito por":"Assessoria de Imprensa da PMPB","Est. tempo de leitura":"3 minutos"},"schema":{"@context":"https:\/\/schema.org","@graph":[{"@type":"Article","@id":"https:\/\/www.pm.pb.gov.br\/portal\/2010\/02\/09\/policia_considera_tranquila_as_previas_carnavalescas_na_capital\/#article","isPartOf":{"@id":"https:\/\/www.pm.pb.gov.br\/portal\/2010\/02\/09\/policia_considera_tranquila_as_previas_carnavalescas_na_capital\/"},"author":{"name":"Assessoria de Imprensa da PMPB","@id":"https:\/\/www.pm.pb.gov.br\/portal\/#\/schema\/person\/e8454f46651c3ecf0e1ba3c1666d9947"},"headline":"Pol\u00edcia considera tranq\u00fcila as pr\u00e9vias carnavalescas na Capital","datePublished":"2010-02-09T11:02:13+00:00","dateModified":"2010-02-09T11:02:13+00:00","mainEntityOfPage":{"@id":"https:\/\/www.pm.pb.gov.br\/portal\/2010\/02\/09\/policia_considera_tranquila_as_previas_carnavalescas_na_capital\/"},"wordCount":514,"publisher":{"@id":"https:\/\/www.pm.pb.gov.br\/portal\/#organization"},"articleSection":["A\u00e7\u00f5es Policiais"],"inLanguage":"pt-BR"},{"@type":"WebPage","@id":"https:\/\/www.pm.pb.gov.br\/portal\/2010\/02\/09\/policia_considera_tranquila_as_previas_carnavalescas_na_capital\/","url":"https:\/\/www.pm.pb.gov.br\/portal\/2010\/02\/09\/policia_considera_tranquila_as_previas_carnavalescas_na_capital\/","name":"Pol\u00edcia considera tranq\u00fcila as pr\u00e9vias carnavalescas na Capital - Pol\u00edcia Militar da Para\u00edba","isPartOf":{"@id":"https:\/\/www.pm.pb.gov.br\/portal\/#website"},"datePublished":"2010-02-09T11:02:13+00:00","dateModified":"2010-02-09T11:02:13+00:00","breadcrumb":{"@id":"https:\/\/www.pm.pb.gov.br\/portal\/2010\/02\/09\/policia_considera_tranquila_as_previas_carnavalescas_na_capital\/#breadcrumb"},"inLanguage":"pt-BR","potentialAction":[{"@type":"ReadAction","target":["https:\/\/www.pm.pb.gov.br\/portal\/2010\/02\/09\/policia_considera_tranquila_as_previas_carnavalescas_na_capital\/"]}]},{"@type":"BreadcrumbList","@id":"https:\/\/www.pm.pb.gov.br\/portal\/2010\/02\/09\/policia_considera_tranquila_as_previas_carnavalescas_na_capital\/#breadcrumb","itemListElement":[{"@type":"ListItem","position":1,"name":"In\u00edcio","item":"https:\/\/www.pm.pb.gov.br\/portal\/"},{"@type":"ListItem","position":2,"name":"Pol\u00edcia considera tranq\u00fcila as pr\u00e9vias carnavalescas na Capital"}]},{"@type":"WebSite","@id":"https:\/\/www.pm.pb.gov.br\/portal\/#website","url":"https:\/\/www.pm.pb.gov.br\/portal\/","name":"Pol\u00edcia Militar da Para\u00edba","description":"","publisher":{"@id":"https:\/\/www.pm.pb.gov.br\/portal\/#organization"},"potentialAction":[{"@type":"SearchAction","target":{"@type":"EntryPoint","urlTemplate":"https:\/\/www.pm.pb.gov.br\/portal\/?s={search_term_string}"},"query-input":"required name=search_term_string"}],"inLanguage":"pt-BR"},{"@type":"Organization","@id":"https:\/\/www.pm.pb.gov.br\/portal\/#organization","name":"Pol\u00edcia Militar da Para\u00edba","url":"https:\/\/www.pm.pb.gov.br\/portal\/","logo":{"@type":"ImageObject","inLanguage":"pt-BR","@id":"https:\/\/www.pm.pb.gov.br\/portal\/#\/schema\/logo\/image\/","url":"https:\/\/www.pm.pb.gov.br\/portal\/wp-content\/uploads\/2025\/03\/cropped-logo-site-mag2-1.png","contentUrl":"https:\/\/www.pm.pb.gov.br\/portal\/wp-content\/uploads\/2025\/03\/cropped-logo-site-mag2-1.png","width":320,"height":90,"caption":"Pol\u00edcia Militar da Para\u00edba"},"image":{"@id":"https:\/\/www.pm.pb.gov.br\/portal\/#\/schema\/logo\/image\/"}},{"@type":"Person","@id":"https:\/\/www.pm.pb.gov.br\/portal\/#\/schema\/person\/e8454f46651c3ecf0e1ba3c1666d9947","name":"Assessoria de Imprensa da PMPB","image":{"@type":"ImageObject","inLanguage":"pt-BR","@id":"https:\/\/www.pm.pb.gov.br\/portal\/#\/schema\/person\/image\/","url":"https:\/\/secure.gravatar.com\/avatar\/2efe197438265d1e90bd98c4c8e1acf8?s=96&d=mm&r=g","contentUrl":"https:\/\/secure.gravatar.com\/avatar\/2efe197438265d1e90bd98c4c8e1acf8?s=96&d=mm&r=g","caption":"Assessoria de Imprensa da PMPB"},"url":"https:\/\/www.pm.pb.gov.br\/portal\/author\/assessoria\/"}]}},"_links":{"self":[{"href":"https:\/\/www.pm.pb.gov.br\/portal\/wp-json\/wp\/v2\/posts\/4389"}],"collection":[{"href":"https:\/\/www.pm.pb.gov.br\/portal\/wp-json\/wp\/v2\/posts"}],"about":[{"href":"https:\/\/www.pm.pb.gov.br\/portal\/wp-json\/wp\/v2\/types\/post"}],"author":[{"embeddable":true,"href":"https:\/\/www.pm.pb.gov.br\/portal\/wp-json\/wp\/v2\/users\/5"}],"replies":[{"embeddable":true,"href":"https:\/\/www.pm.pb.gov.br\/portal\/wp-json\/wp\/v2\/comments?post=4389"}],"version-history":[{"count":0,"href":"https:\/\/www.pm.pb.gov.br\/portal\/wp-json\/wp\/v2\/posts\/4389\/revisions"}],"wp:featuredmedia":[{"embeddable":true,"href":"https:\/\/www.pm.pb.gov.br\/portal\/wp-json\/wp\/v2\/media\/889132"}],"wp:attachment":[{"href":"https:\/\/www.pm.pb.gov.br\/portal\/wp-json\/wp\/v2\/media?parent=4389"}],"wp:term":[{"taxonomy":"category","embeddable":true,"href":"https:\/\/www.pm.pb.gov.br\/portal\/wp-json\/wp\/v2\/categories?post=4389"},{"taxonomy":"post_tag","embeddable":true,"href":"https:\/\/www.pm.pb.gov.br\/portal\/wp-json\/wp\/v2\/tags?post=4389"}],"curies":[{"name":"wp","href":"https:\/\/api.w.org\/{rel}","templated":true}]}}