{"id":12141,"date":"2017-09-12T17:09:10","date_gmt":"2017-09-12T20:09:10","guid":{"rendered":"http:\/\/www.pm.pb.gov.br\/portal\/2017\/09\/policiais_militares_realizam_capacitacao_para_motopatrulhamento_no_cariri\/"},"modified":"2017-09-13T10:26:57","modified_gmt":"2017-09-13T13:26:57","slug":"policiais_militares_realizam_capacitacao_para_motopatrulhamento_no_cariri","status":"publish","type":"post","link":"https:\/\/www.pm.pb.gov.br\/portal\/2017\/09\/12\/policiais_militares_realizam_capacitacao_para_motopatrulhamento_no_cariri\/","title":{"rendered":"Policiais Militares realizam capacita\u00e7\u00e3o para motopatrulhamento no Cariri"},"content":{"rendered":"<p><img decoding=\"async\" class=\"alignnone size-medium\" title=\"Turma Eotam Cariri\" src=\"http:\/\/www.pm.pb.gov.br\/portal\/wp-content\/uploads\/2017\/09\/12141_17172.jpg\" width=\"100%\" \/><\/p>\n<div style=\"text-align: justify;\">\n<p>A Pol\u00edcia Militar, atrav\u00e9s do 11\u00ba Batalh\u00e3o localizado na cidade Monteiro, est\u00e1 realizando o Est\u00e1gio de Opera\u00e7\u00f5es T\u00e1ticas Com Apoio de Motocicletas (Eotam). Participam do treinamento 27 policiais das cidades do Cariri Ocidental e de outras localidades que fazem parte do Comando de Policiamento Regional I, no N\u00facleo de Aperfei\u00e7oamento de Pra\u00e7as (Nufap), em Sum\u00e9. As aulas come\u00e7aram na segunda-feira (11) e durar\u00e3o 15 dias.<\/p>\n<p>O objetivo \u00e9 capacitar o policial com as t\u00e9cnicas de incurs\u00f5es em locais cr\u00edticos e de dif\u00edcil acesso, utilizando a mobilidade e praticidade que as motocicletas oferecem. As instru\u00e7\u00f5es s\u00e3o realizadas por policiais das Rondas Ostensivas T\u00e1ticas com Apoio de Motocicletas (Rotam) de Jo\u00e3o Pessoa ou que j\u00e1 tenham passado pelo Eotam.<\/p>\n<p>De acordo com o tenente-coronel Severino da Costa Sim\u00e3o, comandante do 11\u00ba Batalh\u00e3o, os policiais capacitados refor\u00e7ar\u00e3o o policiamento ostensivo preventivo. \u0093O motopatrulhamento ir\u00e1 colaborar para reduzir a a\u00e7\u00e3o de criminosos na pr\u00e1tica de roubo e furto de ve\u00edculo, sequestro, bem como transporte de armas, t\u00f3xicos ou quaisquer outros materiais empregados em crimes, ou contraven\u00e7\u00f5es\u0094, destacou o comandante.<\/p>\n<p>Eotam no Sert\u00e3o \u0096 Em agosto, policiais do Comando Regional II tamb\u00e9m passaram pelo Eotam. Cerca de 40 policiais das cidades de Sousa, Patos, Cajazeiras, Catol\u00e9 do Rocha, Itaporanga e Princesa Isabel realizaram o est\u00e1gio no 14\u00ba Batalh\u00e3o, em Sousa.<\/p>\n<div class=\"row\" align=\"center\"><\/div>\n<\/div>\n","protected":false},"excerpt":{"rendered":"<p>A Pol\u00edcia Militar, atrav\u00e9s do 11\u00ba Batalh\u00e3o localizado na cidade Monteiro, est\u00e1 realizando o Est\u00e1gio de Opera\u00e7\u00f5es T\u00e1ticas Com Apoio<\/p>\n","protected":false},"author":1,"featured_media":894841,"comment_status":"closed","ping_status":"closed","sticky":false,"template":"","format":"standard","meta":{"_exactmetrics_skip_tracking":false,"_exactmetrics_sitenote_active":false,"_exactmetrics_sitenote_note":"","_exactmetrics_sitenote_category":0,"footnotes":""},"categories":[6],"tags":[],"yoast_head":"<!-- This site is optimized with the Yoast SEO plugin v22.0 - https:\/\/yoast.com\/wordpress\/plugins\/seo\/ -->\n<title>Policiais Militares realizam capacita\u00e7\u00e3o para motopatrulhamento no Cariri - Pol\u00edcia Militar da Para\u00edba<\/title>\n<meta name=\"robots\" content=\"index, follow, max-snippet:-1, max-image-preview:large, max-video-preview:-1\" \/>\n<link rel=\"canonical\" href=\"https:\/\/www.pm.pb.gov.br\/portal\/2017\/09\/12\/policiais_militares_realizam_capacitacao_para_motopatrulhamento_no_cariri\/\" \/>\n<meta property=\"og:locale\" content=\"pt_BR\" \/>\n<meta property=\"og:type\" content=\"article\" \/>\n<meta property=\"og:title\" content=\"Policiais Militares realizam capacita\u00e7\u00e3o para motopatrulhamento no Cariri - Pol\u00edcia Militar da Para\u00edba\" \/>\n<meta property=\"og:description\" content=\"A Pol\u00edcia Militar, atrav\u00e9s do 11\u00ba Batalh\u00e3o localizado na cidade Monteiro, est\u00e1 realizando o Est\u00e1gio de Opera\u00e7\u00f5es T\u00e1ticas Com Apoio\" \/>\n<meta property=\"og:url\" content=\"https:\/\/www.pm.pb.gov.br\/portal\/2017\/09\/12\/policiais_militares_realizam_capacitacao_para_motopatrulhamento_no_cariri\/\" \/>\n<meta property=\"og:site_name\" content=\"Pol\u00edcia Militar da Para\u00edba\" \/>\n<meta property=\"article:published_time\" content=\"2017-09-12T20:09:10+00:00\" \/>\n<meta property=\"article:modified_time\" content=\"2017-09-13T13:26:57+00:00\" \/>\n<meta property=\"og:image\" content=\"https:\/\/www.pm.pb.gov.br\/portal\/wp-content\/uploads\/2017\/09\/cariri.jpg\" \/>\n\t<meta property=\"og:image:width\" content=\"600\" \/>\n\t<meta property=\"og:image:height\" content=\"400\" \/>\n\t<meta property=\"og:image:type\" content=\"image\/jpeg\" \/>\n<meta name=\"author\" content=\"EM\/8\" \/>\n<meta name=\"twitter:card\" content=\"summary_large_image\" \/>\n<meta name=\"twitter:label1\" content=\"Escrito por\" \/>\n\t<meta name=\"twitter:data1\" content=\"EM\/8\" \/>\n\t<meta name=\"twitter:label2\" content=\"Est. tempo de leitura\" \/>\n\t<meta name=\"twitter:data2\" content=\"1 minuto\" \/>\n<script type=\"application\/ld+json\" class=\"yoast-schema-graph\">{\"@context\":\"https:\/\/schema.org\",\"@graph\":[{\"@type\":\"Article\",\"@id\":\"https:\/\/www.pm.pb.gov.br\/portal\/2017\/09\/12\/policiais_militares_realizam_capacitacao_para_motopatrulhamento_no_cariri\/#article\",\"isPartOf\":{\"@id\":\"https:\/\/www.pm.pb.gov.br\/portal\/2017\/09\/12\/policiais_militares_realizam_capacitacao_para_motopatrulhamento_no_cariri\/\"},\"author\":{\"name\":\"EM\/8\",\"@id\":\"https:\/\/www.pm.pb.gov.br\/portal\/#\/schema\/person\/ec1d6724f7dbfbd3243ffc265db8cfbb\"},\"headline\":\"Policiais Militares realizam capacita\u00e7\u00e3o para motopatrulhamento no Cariri\",\"datePublished\":\"2017-09-12T20:09:10+00:00\",\"dateModified\":\"2017-09-13T13:26:57+00:00\",\"mainEntityOfPage\":{\"@id\":\"https:\/\/www.pm.pb.gov.br\/portal\/2017\/09\/12\/policiais_militares_realizam_capacitacao_para_motopatrulhamento_no_cariri\/\"},\"wordCount\":247,\"publisher\":{\"@id\":\"https:\/\/www.pm.pb.gov.br\/portal\/#organization\"},\"articleSection\":[\"Cursos\"],\"inLanguage\":\"pt-BR\"},{\"@type\":\"WebPage\",\"@id\":\"https:\/\/www.pm.pb.gov.br\/portal\/2017\/09\/12\/policiais_militares_realizam_capacitacao_para_motopatrulhamento_no_cariri\/\",\"url\":\"https:\/\/www.pm.pb.gov.br\/portal\/2017\/09\/12\/policiais_militares_realizam_capacitacao_para_motopatrulhamento_no_cariri\/\",\"name\":\"Policiais Militares realizam capacita\u00e7\u00e3o para motopatrulhamento no Cariri - Pol\u00edcia Militar da Para\u00edba\",\"isPartOf\":{\"@id\":\"https:\/\/www.pm.pb.gov.br\/portal\/#website\"},\"datePublished\":\"2017-09-12T20:09:10+00:00\",\"dateModified\":\"2017-09-13T13:26:57+00:00\",\"breadcrumb\":{\"@id\":\"https:\/\/www.pm.pb.gov.br\/portal\/2017\/09\/12\/policiais_militares_realizam_capacitacao_para_motopatrulhamento_no_cariri\/#breadcrumb\"},\"inLanguage\":\"pt-BR\",\"potentialAction\":[{\"@type\":\"ReadAction\",\"target\":[\"https:\/\/www.pm.pb.gov.br\/portal\/2017\/09\/12\/policiais_militares_realizam_capacitacao_para_motopatrulhamento_no_cariri\/\"]}]},{\"@type\":\"BreadcrumbList\",\"@id\":\"https:\/\/www.pm.pb.gov.br\/portal\/2017\/09\/12\/policiais_militares_realizam_capacitacao_para_motopatrulhamento_no_cariri\/#breadcrumb\",\"itemListElement\":[{\"@type\":\"ListItem\",\"position\":1,\"name\":\"In\u00edcio\",\"item\":\"https:\/\/www.pm.pb.gov.br\/portal\/\"},{\"@type\":\"ListItem\",\"position\":2,\"name\":\"Policiais Militares realizam capacita\u00e7\u00e3o para motopatrulhamento no Cariri\"}]},{\"@type\":\"WebSite\",\"@id\":\"https:\/\/www.pm.pb.gov.br\/portal\/#website\",\"url\":\"https:\/\/www.pm.pb.gov.br\/portal\/\",\"name\":\"Pol\u00edcia Militar da Para\u00edba\",\"description\":\"\",\"publisher\":{\"@id\":\"https:\/\/www.pm.pb.gov.br\/portal\/#organization\"},\"potentialAction\":[{\"@type\":\"SearchAction\",\"target\":{\"@type\":\"EntryPoint\",\"urlTemplate\":\"https:\/\/www.pm.pb.gov.br\/portal\/?s={search_term_string}\"},\"query-input\":\"required name=search_term_string\"}],\"inLanguage\":\"pt-BR\"},{\"@type\":\"Organization\",\"@id\":\"https:\/\/www.pm.pb.gov.br\/portal\/#organization\",\"name\":\"Pol\u00edcia Militar da Para\u00edba\",\"url\":\"https:\/\/www.pm.pb.gov.br\/portal\/\",\"logo\":{\"@type\":\"ImageObject\",\"inLanguage\":\"pt-BR\",\"@id\":\"https:\/\/www.pm.pb.gov.br\/portal\/#\/schema\/logo\/image\/\",\"url\":\"https:\/\/www.pm.pb.gov.br\/portal\/wp-content\/uploads\/2025\/03\/cropped-logo-site-mag2-1.png\",\"contentUrl\":\"https:\/\/www.pm.pb.gov.br\/portal\/wp-content\/uploads\/2025\/03\/cropped-logo-site-mag2-1.png\",\"width\":320,\"height\":90,\"caption\":\"Pol\u00edcia Militar da Para\u00edba\"},\"image\":{\"@id\":\"https:\/\/www.pm.pb.gov.br\/portal\/#\/schema\/logo\/image\/\"}},{\"@type\":\"Person\",\"@id\":\"https:\/\/www.pm.pb.gov.br\/portal\/#\/schema\/person\/ec1d6724f7dbfbd3243ffc265db8cfbb\",\"name\":\"EM\/8\",\"image\":{\"@type\":\"ImageObject\",\"inLanguage\":\"pt-BR\",\"@id\":\"https:\/\/www.pm.pb.gov.br\/portal\/#\/schema\/person\/image\/\",\"url\":\"https:\/\/secure.gravatar.com\/avatar\/8ab87c0c985ae98cf4b13df0f7e378df?s=96&d=mm&r=g\",\"contentUrl\":\"https:\/\/secure.gravatar.com\/avatar\/8ab87c0c985ae98cf4b13df0f7e378df?s=96&d=mm&r=g\",\"caption\":\"EM\/8\"},\"url\":\"https:\/\/www.pm.pb.gov.br\/portal\/author\/em8admin\/\"}]}<\/script>\n<!-- \/ Yoast SEO plugin. -->","yoast_head_json":{"title":"Policiais Militares realizam capacita\u00e7\u00e3o para motopatrulhamento no Cariri - Pol\u00edcia Militar da Para\u00edba","robots":{"index":"index","follow":"follow","max-snippet":"max-snippet:-1","max-image-preview":"max-image-preview:large","max-video-preview":"max-video-preview:-1"},"canonical":"https:\/\/www.pm.pb.gov.br\/portal\/2017\/09\/12\/policiais_militares_realizam_capacitacao_para_motopatrulhamento_no_cariri\/","og_locale":"pt_BR","og_type":"article","og_title":"Policiais Militares realizam capacita\u00e7\u00e3o para motopatrulhamento no Cariri - Pol\u00edcia Militar da Para\u00edba","og_description":"A Pol\u00edcia Militar, atrav\u00e9s do 11\u00ba Batalh\u00e3o localizado na cidade Monteiro, est\u00e1 realizando o Est\u00e1gio de Opera\u00e7\u00f5es T\u00e1ticas Com Apoio","og_url":"https:\/\/www.pm.pb.gov.br\/portal\/2017\/09\/12\/policiais_militares_realizam_capacitacao_para_motopatrulhamento_no_cariri\/","og_site_name":"Pol\u00edcia Militar da Para\u00edba","article_published_time":"2017-09-12T20:09:10+00:00","article_modified_time":"2017-09-13T13:26:57+00:00","og_image":[{"width":600,"height":400,"url":"https:\/\/www.pm.pb.gov.br\/portal\/wp-content\/uploads\/2017\/09\/cariri.jpg","type":"image\/jpeg"}],"author":"EM\/8","twitter_card":"summary_large_image","twitter_misc":{"Escrito por":"EM\/8","Est. tempo de leitura":"1 minuto"},"schema":{"@context":"https:\/\/schema.org","@graph":[{"@type":"Article","@id":"https:\/\/www.pm.pb.gov.br\/portal\/2017\/09\/12\/policiais_militares_realizam_capacitacao_para_motopatrulhamento_no_cariri\/#article","isPartOf":{"@id":"https:\/\/www.pm.pb.gov.br\/portal\/2017\/09\/12\/policiais_militares_realizam_capacitacao_para_motopatrulhamento_no_cariri\/"},"author":{"name":"EM\/8","@id":"https:\/\/www.pm.pb.gov.br\/portal\/#\/schema\/person\/ec1d6724f7dbfbd3243ffc265db8cfbb"},"headline":"Policiais Militares realizam capacita\u00e7\u00e3o para motopatrulhamento no Cariri","datePublished":"2017-09-12T20:09:10+00:00","dateModified":"2017-09-13T13:26:57+00:00","mainEntityOfPage":{"@id":"https:\/\/www.pm.pb.gov.br\/portal\/2017\/09\/12\/policiais_militares_realizam_capacitacao_para_motopatrulhamento_no_cariri\/"},"wordCount":247,"publisher":{"@id":"https:\/\/www.pm.pb.gov.br\/portal\/#organization"},"articleSection":["Cursos"],"inLanguage":"pt-BR"},{"@type":"WebPage","@id":"https:\/\/www.pm.pb.gov.br\/portal\/2017\/09\/12\/policiais_militares_realizam_capacitacao_para_motopatrulhamento_no_cariri\/","url":"https:\/\/www.pm.pb.gov.br\/portal\/2017\/09\/12\/policiais_militares_realizam_capacitacao_para_motopatrulhamento_no_cariri\/","name":"Policiais Militares realizam capacita\u00e7\u00e3o para motopatrulhamento no Cariri - Pol\u00edcia Militar da Para\u00edba","isPartOf":{"@id":"https:\/\/www.pm.pb.gov.br\/portal\/#website"},"datePublished":"2017-09-12T20:09:10+00:00","dateModified":"2017-09-13T13:26:57+00:00","breadcrumb":{"@id":"https:\/\/www.pm.pb.gov.br\/portal\/2017\/09\/12\/policiais_militares_realizam_capacitacao_para_motopatrulhamento_no_cariri\/#breadcrumb"},"inLanguage":"pt-BR","potentialAction":[{"@type":"ReadAction","target":["https:\/\/www.pm.pb.gov.br\/portal\/2017\/09\/12\/policiais_militares_realizam_capacitacao_para_motopatrulhamento_no_cariri\/"]}]},{"@type":"BreadcrumbList","@id":"https:\/\/www.pm.pb.gov.br\/portal\/2017\/09\/12\/policiais_militares_realizam_capacitacao_para_motopatrulhamento_no_cariri\/#breadcrumb","itemListElement":[{"@type":"ListItem","position":1,"name":"In\u00edcio","item":"https:\/\/www.pm.pb.gov.br\/portal\/"},{"@type":"ListItem","position":2,"name":"Policiais Militares realizam capacita\u00e7\u00e3o para motopatrulhamento no Cariri"}]},{"@type":"WebSite","@id":"https:\/\/www.pm.pb.gov.br\/portal\/#website","url":"https:\/\/www.pm.pb.gov.br\/portal\/","name":"Pol\u00edcia Militar da Para\u00edba","description":"","publisher":{"@id":"https:\/\/www.pm.pb.gov.br\/portal\/#organization"},"potentialAction":[{"@type":"SearchAction","target":{"@type":"EntryPoint","urlTemplate":"https:\/\/www.pm.pb.gov.br\/portal\/?s={search_term_string}"},"query-input":"required name=search_term_string"}],"inLanguage":"pt-BR"},{"@type":"Organization","@id":"https:\/\/www.pm.pb.gov.br\/portal\/#organization","name":"Pol\u00edcia Militar da Para\u00edba","url":"https:\/\/www.pm.pb.gov.br\/portal\/","logo":{"@type":"ImageObject","inLanguage":"pt-BR","@id":"https:\/\/www.pm.pb.gov.br\/portal\/#\/schema\/logo\/image\/","url":"https:\/\/www.pm.pb.gov.br\/portal\/wp-content\/uploads\/2025\/03\/cropped-logo-site-mag2-1.png","contentUrl":"https:\/\/www.pm.pb.gov.br\/portal\/wp-content\/uploads\/2025\/03\/cropped-logo-site-mag2-1.png","width":320,"height":90,"caption":"Pol\u00edcia Militar da Para\u00edba"},"image":{"@id":"https:\/\/www.pm.pb.gov.br\/portal\/#\/schema\/logo\/image\/"}},{"@type":"Person","@id":"https:\/\/www.pm.pb.gov.br\/portal\/#\/schema\/person\/ec1d6724f7dbfbd3243ffc265db8cfbb","name":"EM\/8","image":{"@type":"ImageObject","inLanguage":"pt-BR","@id":"https:\/\/www.pm.pb.gov.br\/portal\/#\/schema\/person\/image\/","url":"https:\/\/secure.gravatar.com\/avatar\/8ab87c0c985ae98cf4b13df0f7e378df?s=96&d=mm&r=g","contentUrl":"https:\/\/secure.gravatar.com\/avatar\/8ab87c0c985ae98cf4b13df0f7e378df?s=96&d=mm&r=g","caption":"EM\/8"},"url":"https:\/\/www.pm.pb.gov.br\/portal\/author\/em8admin\/"}]}},"_links":{"self":[{"href":"https:\/\/www.pm.pb.gov.br\/portal\/wp-json\/wp\/v2\/posts\/12141"}],"collection":[{"href":"https:\/\/www.pm.pb.gov.br\/portal\/wp-json\/wp\/v2\/posts"}],"about":[{"href":"https:\/\/www.pm.pb.gov.br\/portal\/wp-json\/wp\/v2\/types\/post"}],"author":[{"embeddable":true,"href":"https:\/\/www.pm.pb.gov.br\/portal\/wp-json\/wp\/v2\/users\/1"}],"replies":[{"embeddable":true,"href":"https:\/\/www.pm.pb.gov.br\/portal\/wp-json\/wp\/v2\/comments?post=12141"}],"version-history":[{"count":1,"href":"https:\/\/www.pm.pb.gov.br\/portal\/wp-json\/wp\/v2\/posts\/12141\/revisions"}],"predecessor-version":[{"id":894842,"href":"https:\/\/www.pm.pb.gov.br\/portal\/wp-json\/wp\/v2\/posts\/12141\/revisions\/894842"}],"wp:featuredmedia":[{"embeddable":true,"href":"https:\/\/www.pm.pb.gov.br\/portal\/wp-json\/wp\/v2\/media\/894841"}],"wp:attachment":[{"href":"https:\/\/www.pm.pb.gov.br\/portal\/wp-json\/wp\/v2\/media?parent=12141"}],"wp:term":[{"taxonomy":"category","embeddable":true,"href":"https:\/\/www.pm.pb.gov.br\/portal\/wp-json\/wp\/v2\/categories?post=12141"},{"taxonomy":"post_tag","embeddable":true,"href":"https:\/\/www.pm.pb.gov.br\/portal\/wp-json\/wp\/v2\/tags?post=12141"}],"curies":[{"name":"wp","href":"https:\/\/api.w.org\/{rel}","templated":true}]}}