{"id":12084,"date":"2017-08-18T20:08:52","date_gmt":"2017-08-18T23:08:52","guid":{"rendered":"http:\/\/www.pm.pb.gov.br\/portal\/2017\/08\/policia_militar_prende_dupla_de_assaltantes_em_mamanguape\/"},"modified":"2017-08-18T20:08:52","modified_gmt":"2017-08-18T23:08:52","slug":"policia_militar_prende_dupla_de_assaltantes_em_mamanguape","status":"publish","type":"post","link":"https:\/\/www.pm.pb.gov.br\/portal\/2017\/08\/18\/policia_militar_prende_dupla_de_assaltantes_em_mamanguape\/","title":{"rendered":"Policia Militar prende dupla de assaltantes em Mamanguape"},"content":{"rendered":"<figure style=\"width: 500px\" class=\"wp-caption alignnone\"><img decoding=\"async\" class=\"alignnone size-medium\" src=\"http:\/\/www.pm.pb.gov.br\/portal\/wp-content\/uploads\/2017\/08\/12084_17091.jpg\" title=\"Arma utilizada no roubo foi apreendida pela PM\" width=\"100%\" \/><figcaption class=\"wp-caption-text\">Arma utilizada no roubo foi apreendida pela PM<\/figcaption><\/figure>\n<div style=\"text-align: justify;\">\nPoliciais militares da 2\u00ba Companhia Independente conseguiram frustrar dois suspeitos de roubo de fugirem ap\u00f3s a\u00e7\u00e3o criminosa, realizada em Mamanguape. Durante a tarde desta sexta-feira (18), dois homens roubaram outro homem nas proximidades de uma casa lot\u00e9rica, atiraram contra um policial militar, abandonaram o local, mas foram detidos no cerco montado pela PM. Os dois suspeitos j\u00e1 tinham passagem pela pol\u00edcia.<\/p>\n<p>Por volta das 15h20, um policial militar que estava dentro de uma casa lot\u00e9rica foi informado que dois homens estavam realizando um roubo a uma pessoa que estava fora do estabelecimento comercial. \u0093O policial se dirigiu ao local e ainda chegou a verbalizar com a dupla, mas os homens dispararam contra ele. Houve troca de tiras\u0094, disse o major Alberto Filho, comandante da 2\u00aa CIPM. O policial militar n\u00e3o foi atingido pelos disparos.<\/p>\n<p>\u0093Os suspeitos ainda tentaram fugir em uma moto, mas abandonaram o ve\u00edculo, e seguiram para um matagal na regi\u00e3o. A Pol\u00edcia Militar fez um cerco na \u00e1rea, com as viaturas do policiamento ordin\u00e1rio e especializado, conseguindo prender os dois suspeitos e apreender um revolver calibre 38, arma do crime\u0094, concluiu.<\/p>\n<p>OUTROS CRIMES \u0096 Os dois homens presos pela PM foram conduzidos para delegacia. Um deles responde por outro roubo realizado em Jo\u00e3o Pessoa, e j\u00e1 tinha cometido um assalto \u00e0 mesma casa lot\u00e9rica em Mamanguape. O outro suspeito responde por tr\u00e1fico de drogas.<\/p>\n<div class=\"row\" align=\"center\"><\/div>\n<\/div>\n","protected":false},"excerpt":{"rendered":"<p>Policiais militares da 2\u00ba Companhia Independente conseguiram frustrar dois suspeitos de roubo de fugirem ap\u00f3s a\u00e7\u00e3o criminosa, realizada em Mamanguape.<\/p>\n","protected":false},"author":1,"featured_media":17091,"comment_status":"closed","ping_status":"closed","sticky":false,"template":"","format":"standard","meta":{"_exactmetrics_skip_tracking":false,"_exactmetrics_sitenote_active":false,"_exactmetrics_sitenote_note":"","_exactmetrics_sitenote_category":0,"footnotes":""},"categories":[4],"tags":[],"yoast_head":"<!-- This site is optimized with the Yoast SEO plugin v22.0 - https:\/\/yoast.com\/wordpress\/plugins\/seo\/ -->\n<title>Policia Militar prende dupla de assaltantes em Mamanguape - Pol\u00edcia Militar da Para\u00edba<\/title>\n<meta name=\"robots\" content=\"index, follow, max-snippet:-1, max-image-preview:large, max-video-preview:-1\" \/>\n<link rel=\"canonical\" href=\"https:\/\/www.pm.pb.gov.br\/portal\/2017\/08\/18\/policia_militar_prende_dupla_de_assaltantes_em_mamanguape\/\" \/>\n<meta property=\"og:locale\" content=\"pt_BR\" \/>\n<meta property=\"og:type\" content=\"article\" \/>\n<meta property=\"og:title\" content=\"Policia Militar prende dupla de assaltantes em Mamanguape - Pol\u00edcia Militar da Para\u00edba\" \/>\n<meta property=\"og:description\" content=\"Policiais militares da 2\u00ba Companhia Independente conseguiram frustrar dois suspeitos de roubo de fugirem ap\u00f3s a\u00e7\u00e3o criminosa, realizada em Mamanguape.\" \/>\n<meta property=\"og:url\" content=\"https:\/\/www.pm.pb.gov.br\/portal\/2017\/08\/18\/policia_militar_prende_dupla_de_assaltantes_em_mamanguape\/\" \/>\n<meta property=\"og:site_name\" content=\"Pol\u00edcia Militar da Para\u00edba\" \/>\n<meta property=\"article:published_time\" content=\"2017-08-18T23:08:52+00:00\" \/>\n<meta property=\"og:image\" content=\"https:\/\/www.pm.pb.gov.br\/portal\/wp-content\/uploads\/2017\/08\/12084_17091.jpg\" \/>\n\t<meta property=\"og:image:width\" content=\"620\" \/>\n\t<meta property=\"og:image:height\" content=\"348\" \/>\n\t<meta property=\"og:image:type\" content=\"image\/jpeg\" \/>\n<meta name=\"author\" content=\"EM\/8\" \/>\n<meta name=\"twitter:card\" content=\"summary_large_image\" \/>\n<meta name=\"twitter:label1\" content=\"Escrito por\" \/>\n\t<meta name=\"twitter:data1\" content=\"EM\/8\" \/>\n\t<meta name=\"twitter:label2\" content=\"Est. tempo de leitura\" \/>\n\t<meta name=\"twitter:data2\" content=\"1 minuto\" \/>\n<script type=\"application\/ld+json\" class=\"yoast-schema-graph\">{\"@context\":\"https:\/\/schema.org\",\"@graph\":[{\"@type\":\"Article\",\"@id\":\"https:\/\/www.pm.pb.gov.br\/portal\/2017\/08\/18\/policia_militar_prende_dupla_de_assaltantes_em_mamanguape\/#article\",\"isPartOf\":{\"@id\":\"https:\/\/www.pm.pb.gov.br\/portal\/2017\/08\/18\/policia_militar_prende_dupla_de_assaltantes_em_mamanguape\/\"},\"author\":{\"name\":\"EM\/8\",\"@id\":\"https:\/\/www.pm.pb.gov.br\/portal\/#\/schema\/person\/ec1d6724f7dbfbd3243ffc265db8cfbb\"},\"headline\":\"Policia Militar prende dupla de assaltantes em Mamanguape\",\"datePublished\":\"2017-08-18T23:08:52+00:00\",\"dateModified\":\"2017-08-18T23:08:52+00:00\",\"mainEntityOfPage\":{\"@id\":\"https:\/\/www.pm.pb.gov.br\/portal\/2017\/08\/18\/policia_militar_prende_dupla_de_assaltantes_em_mamanguape\/\"},\"wordCount\":256,\"publisher\":{\"@id\":\"https:\/\/www.pm.pb.gov.br\/portal\/#organization\"},\"articleSection\":[\"A\u00e7\u00f5es Policiais\"],\"inLanguage\":\"pt-BR\"},{\"@type\":\"WebPage\",\"@id\":\"https:\/\/www.pm.pb.gov.br\/portal\/2017\/08\/18\/policia_militar_prende_dupla_de_assaltantes_em_mamanguape\/\",\"url\":\"https:\/\/www.pm.pb.gov.br\/portal\/2017\/08\/18\/policia_militar_prende_dupla_de_assaltantes_em_mamanguape\/\",\"name\":\"Policia Militar prende dupla de assaltantes em Mamanguape - Pol\u00edcia Militar da Para\u00edba\",\"isPartOf\":{\"@id\":\"https:\/\/www.pm.pb.gov.br\/portal\/#website\"},\"datePublished\":\"2017-08-18T23:08:52+00:00\",\"dateModified\":\"2017-08-18T23:08:52+00:00\",\"breadcrumb\":{\"@id\":\"https:\/\/www.pm.pb.gov.br\/portal\/2017\/08\/18\/policia_militar_prende_dupla_de_assaltantes_em_mamanguape\/#breadcrumb\"},\"inLanguage\":\"pt-BR\",\"potentialAction\":[{\"@type\":\"ReadAction\",\"target\":[\"https:\/\/www.pm.pb.gov.br\/portal\/2017\/08\/18\/policia_militar_prende_dupla_de_assaltantes_em_mamanguape\/\"]}]},{\"@type\":\"BreadcrumbList\",\"@id\":\"https:\/\/www.pm.pb.gov.br\/portal\/2017\/08\/18\/policia_militar_prende_dupla_de_assaltantes_em_mamanguape\/#breadcrumb\",\"itemListElement\":[{\"@type\":\"ListItem\",\"position\":1,\"name\":\"In\u00edcio\",\"item\":\"https:\/\/www.pm.pb.gov.br\/portal\/\"},{\"@type\":\"ListItem\",\"position\":2,\"name\":\"Policia Militar prende dupla de assaltantes em Mamanguape\"}]},{\"@type\":\"WebSite\",\"@id\":\"https:\/\/www.pm.pb.gov.br\/portal\/#website\",\"url\":\"https:\/\/www.pm.pb.gov.br\/portal\/\",\"name\":\"Pol\u00edcia Militar da Para\u00edba\",\"description\":\"\",\"publisher\":{\"@id\":\"https:\/\/www.pm.pb.gov.br\/portal\/#organization\"},\"potentialAction\":[{\"@type\":\"SearchAction\",\"target\":{\"@type\":\"EntryPoint\",\"urlTemplate\":\"https:\/\/www.pm.pb.gov.br\/portal\/?s={search_term_string}\"},\"query-input\":\"required name=search_term_string\"}],\"inLanguage\":\"pt-BR\"},{\"@type\":\"Organization\",\"@id\":\"https:\/\/www.pm.pb.gov.br\/portal\/#organization\",\"name\":\"Pol\u00edcia Militar da Para\u00edba\",\"url\":\"https:\/\/www.pm.pb.gov.br\/portal\/\",\"logo\":{\"@type\":\"ImageObject\",\"inLanguage\":\"pt-BR\",\"@id\":\"https:\/\/www.pm.pb.gov.br\/portal\/#\/schema\/logo\/image\/\",\"url\":\"https:\/\/www.pm.pb.gov.br\/portal\/wp-content\/uploads\/2025\/03\/cropped-logo-site-mag2-1.png\",\"contentUrl\":\"https:\/\/www.pm.pb.gov.br\/portal\/wp-content\/uploads\/2025\/03\/cropped-logo-site-mag2-1.png\",\"width\":320,\"height\":90,\"caption\":\"Pol\u00edcia Militar da Para\u00edba\"},\"image\":{\"@id\":\"https:\/\/www.pm.pb.gov.br\/portal\/#\/schema\/logo\/image\/\"}},{\"@type\":\"Person\",\"@id\":\"https:\/\/www.pm.pb.gov.br\/portal\/#\/schema\/person\/ec1d6724f7dbfbd3243ffc265db8cfbb\",\"name\":\"EM\/8\",\"image\":{\"@type\":\"ImageObject\",\"inLanguage\":\"pt-BR\",\"@id\":\"https:\/\/www.pm.pb.gov.br\/portal\/#\/schema\/person\/image\/\",\"url\":\"https:\/\/secure.gravatar.com\/avatar\/8ab87c0c985ae98cf4b13df0f7e378df?s=96&d=mm&r=g\",\"contentUrl\":\"https:\/\/secure.gravatar.com\/avatar\/8ab87c0c985ae98cf4b13df0f7e378df?s=96&d=mm&r=g\",\"caption\":\"EM\/8\"},\"url\":\"https:\/\/www.pm.pb.gov.br\/portal\/author\/em8admin\/\"}]}<\/script>\n<!-- \/ Yoast SEO plugin. -->","yoast_head_json":{"title":"Policia Militar prende dupla de assaltantes em Mamanguape - Pol\u00edcia Militar da Para\u00edba","robots":{"index":"index","follow":"follow","max-snippet":"max-snippet:-1","max-image-preview":"max-image-preview:large","max-video-preview":"max-video-preview:-1"},"canonical":"https:\/\/www.pm.pb.gov.br\/portal\/2017\/08\/18\/policia_militar_prende_dupla_de_assaltantes_em_mamanguape\/","og_locale":"pt_BR","og_type":"article","og_title":"Policia Militar prende dupla de assaltantes em Mamanguape - Pol\u00edcia Militar da Para\u00edba","og_description":"Policiais militares da 2\u00ba Companhia Independente conseguiram frustrar dois suspeitos de roubo de fugirem ap\u00f3s a\u00e7\u00e3o criminosa, realizada em Mamanguape.","og_url":"https:\/\/www.pm.pb.gov.br\/portal\/2017\/08\/18\/policia_militar_prende_dupla_de_assaltantes_em_mamanguape\/","og_site_name":"Pol\u00edcia Militar da Para\u00edba","article_published_time":"2017-08-18T23:08:52+00:00","og_image":[{"width":620,"height":348,"url":"https:\/\/www.pm.pb.gov.br\/portal\/wp-content\/uploads\/2017\/08\/12084_17091.jpg","type":"image\/jpeg"}],"author":"EM\/8","twitter_card":"summary_large_image","twitter_misc":{"Escrito por":"EM\/8","Est. tempo de leitura":"1 minuto"},"schema":{"@context":"https:\/\/schema.org","@graph":[{"@type":"Article","@id":"https:\/\/www.pm.pb.gov.br\/portal\/2017\/08\/18\/policia_militar_prende_dupla_de_assaltantes_em_mamanguape\/#article","isPartOf":{"@id":"https:\/\/www.pm.pb.gov.br\/portal\/2017\/08\/18\/policia_militar_prende_dupla_de_assaltantes_em_mamanguape\/"},"author":{"name":"EM\/8","@id":"https:\/\/www.pm.pb.gov.br\/portal\/#\/schema\/person\/ec1d6724f7dbfbd3243ffc265db8cfbb"},"headline":"Policia Militar prende dupla de assaltantes em Mamanguape","datePublished":"2017-08-18T23:08:52+00:00","dateModified":"2017-08-18T23:08:52+00:00","mainEntityOfPage":{"@id":"https:\/\/www.pm.pb.gov.br\/portal\/2017\/08\/18\/policia_militar_prende_dupla_de_assaltantes_em_mamanguape\/"},"wordCount":256,"publisher":{"@id":"https:\/\/www.pm.pb.gov.br\/portal\/#organization"},"articleSection":["A\u00e7\u00f5es Policiais"],"inLanguage":"pt-BR"},{"@type":"WebPage","@id":"https:\/\/www.pm.pb.gov.br\/portal\/2017\/08\/18\/policia_militar_prende_dupla_de_assaltantes_em_mamanguape\/","url":"https:\/\/www.pm.pb.gov.br\/portal\/2017\/08\/18\/policia_militar_prende_dupla_de_assaltantes_em_mamanguape\/","name":"Policia Militar prende dupla de assaltantes em Mamanguape - Pol\u00edcia Militar da Para\u00edba","isPartOf":{"@id":"https:\/\/www.pm.pb.gov.br\/portal\/#website"},"datePublished":"2017-08-18T23:08:52+00:00","dateModified":"2017-08-18T23:08:52+00:00","breadcrumb":{"@id":"https:\/\/www.pm.pb.gov.br\/portal\/2017\/08\/18\/policia_militar_prende_dupla_de_assaltantes_em_mamanguape\/#breadcrumb"},"inLanguage":"pt-BR","potentialAction":[{"@type":"ReadAction","target":["https:\/\/www.pm.pb.gov.br\/portal\/2017\/08\/18\/policia_militar_prende_dupla_de_assaltantes_em_mamanguape\/"]}]},{"@type":"BreadcrumbList","@id":"https:\/\/www.pm.pb.gov.br\/portal\/2017\/08\/18\/policia_militar_prende_dupla_de_assaltantes_em_mamanguape\/#breadcrumb","itemListElement":[{"@type":"ListItem","position":1,"name":"In\u00edcio","item":"https:\/\/www.pm.pb.gov.br\/portal\/"},{"@type":"ListItem","position":2,"name":"Policia Militar prende dupla de assaltantes em Mamanguape"}]},{"@type":"WebSite","@id":"https:\/\/www.pm.pb.gov.br\/portal\/#website","url":"https:\/\/www.pm.pb.gov.br\/portal\/","name":"Pol\u00edcia Militar da Para\u00edba","description":"","publisher":{"@id":"https:\/\/www.pm.pb.gov.br\/portal\/#organization"},"potentialAction":[{"@type":"SearchAction","target":{"@type":"EntryPoint","urlTemplate":"https:\/\/www.pm.pb.gov.br\/portal\/?s={search_term_string}"},"query-input":"required name=search_term_string"}],"inLanguage":"pt-BR"},{"@type":"Organization","@id":"https:\/\/www.pm.pb.gov.br\/portal\/#organization","name":"Pol\u00edcia Militar da Para\u00edba","url":"https:\/\/www.pm.pb.gov.br\/portal\/","logo":{"@type":"ImageObject","inLanguage":"pt-BR","@id":"https:\/\/www.pm.pb.gov.br\/portal\/#\/schema\/logo\/image\/","url":"https:\/\/www.pm.pb.gov.br\/portal\/wp-content\/uploads\/2025\/03\/cropped-logo-site-mag2-1.png","contentUrl":"https:\/\/www.pm.pb.gov.br\/portal\/wp-content\/uploads\/2025\/03\/cropped-logo-site-mag2-1.png","width":320,"height":90,"caption":"Pol\u00edcia Militar da Para\u00edba"},"image":{"@id":"https:\/\/www.pm.pb.gov.br\/portal\/#\/schema\/logo\/image\/"}},{"@type":"Person","@id":"https:\/\/www.pm.pb.gov.br\/portal\/#\/schema\/person\/ec1d6724f7dbfbd3243ffc265db8cfbb","name":"EM\/8","image":{"@type":"ImageObject","inLanguage":"pt-BR","@id":"https:\/\/www.pm.pb.gov.br\/portal\/#\/schema\/person\/image\/","url":"https:\/\/secure.gravatar.com\/avatar\/8ab87c0c985ae98cf4b13df0f7e378df?s=96&d=mm&r=g","contentUrl":"https:\/\/secure.gravatar.com\/avatar\/8ab87c0c985ae98cf4b13df0f7e378df?s=96&d=mm&r=g","caption":"EM\/8"},"url":"https:\/\/www.pm.pb.gov.br\/portal\/author\/em8admin\/"}]}},"_links":{"self":[{"href":"https:\/\/www.pm.pb.gov.br\/portal\/wp-json\/wp\/v2\/posts\/12084"}],"collection":[{"href":"https:\/\/www.pm.pb.gov.br\/portal\/wp-json\/wp\/v2\/posts"}],"about":[{"href":"https:\/\/www.pm.pb.gov.br\/portal\/wp-json\/wp\/v2\/types\/post"}],"author":[{"embeddable":true,"href":"https:\/\/www.pm.pb.gov.br\/portal\/wp-json\/wp\/v2\/users\/1"}],"replies":[{"embeddable":true,"href":"https:\/\/www.pm.pb.gov.br\/portal\/wp-json\/wp\/v2\/comments?post=12084"}],"version-history":[{"count":0,"href":"https:\/\/www.pm.pb.gov.br\/portal\/wp-json\/wp\/v2\/posts\/12084\/revisions"}],"wp:featuredmedia":[{"embeddable":true,"href":"https:\/\/www.pm.pb.gov.br\/portal\/wp-json\/wp\/v2\/media\/17091"}],"wp:attachment":[{"href":"https:\/\/www.pm.pb.gov.br\/portal\/wp-json\/wp\/v2\/media?parent=12084"}],"wp:term":[{"taxonomy":"category","embeddable":true,"href":"https:\/\/www.pm.pb.gov.br\/portal\/wp-json\/wp\/v2\/categories?post=12084"},{"taxonomy":"post_tag","embeddable":true,"href":"https:\/\/www.pm.pb.gov.br\/portal\/wp-json\/wp\/v2\/tags?post=12084"}],"curies":[{"name":"wp","href":"https:\/\/api.w.org\/{rel}","templated":true}]}}